{"id":23455,"date":"2025-01-12T10:45:19","date_gmt":"2025-01-12T10:45:19","guid":{"rendered":"https:\/\/247stiri.ro\/index.php\/2025\/01\/12\/karl-nehammer-cancelarul-de-la-viena-care-i-a-tinut-pe-romani-la-portile-schengen-isi-face-bagajele-retragere-umilitoare-cu-coada-intre-picioare\/"},"modified":"2025-01-12T10:45:19","modified_gmt":"2025-01-12T10:45:19","slug":"karl-nehammer-cancelarul-de-la-viena-care-i-a-tinut-pe-romani-la-portile-schengen-isi-face-bagajele-retragere-umilitoare-cu-coada-intre-picioare","status":"publish","type":"post","link":"https:\/\/247stiri.ro\/index.php\/2025\/01\/12\/karl-nehammer-cancelarul-de-la-viena-care-i-a-tinut-pe-romani-la-portile-schengen-isi-face-bagajele-retragere-umilitoare-cu-coada-intre-picioare\/","title":{"rendered":"Karl Nehammer, cancelarul de la Viena care i-a \u021binut pe rom\u00e2ni la &#8222;por\u021bile&#8221; Schengen, \u00ee\u0219i face bagajele. Retragere umilitoare, cu coada \u00eentre picioare"},"content":{"rendered":"<p>Nehamer va anun\u021ba \u00een mod oficial c\u0103 se retrage din Consiliul Na\u021bional, sau camera inferioar\u0103 a parlamentului, p\u00e2n\u0103 la deschiderea urm\u0103toarei sesiuni a camerei pe 22 ianuarie, a declarat pentru APA o purt\u0103toare de cuv\u00e2nt a Cancelariei din Viena, scrie Mediafax.<\/p>\n<p>Nehammer a devenit cancelar \u00een decembrie 2021. Ambi\u021biile sale politice au fost deraiate de alegerile parlamentare din septembrie, c\u00e2nd Partidul s\u0103u popular conservator (\u00d6VP) s-a clasat pe locul al doilea \u00een urma Partidului Libert\u0103\u021bii (FP\u00d6), de dreapta \u0219i eurosceptic.<\/p>\n<p>\u00a0\u00a0<\/p>\n<p>\u00cen memoria rom\u00e2nilor, Karl Nehammer r\u0103m\u00e2ne cancelarul care a blocat vreme de doi ani aderarea Rom\u00e2niei la Spa\u021biul Schengen.<\/p>","protected":false},"excerpt":{"rendered":"<p>Nehamer va anun\u021ba \u00een mod oficial c\u0103 se retrage din Consiliul Na\u021bional, sau camera inferioar\u0103&hellip;<\/p>\n","protected":false},"author":0,"featured_media":23452,"comment_status":"open","ping_status":"open","sticky":false,"template":"","format":"standard","meta":{"footnotes":""},"categories":[2],"tags":[],"class_list":["post-23455","post","type-post","status-publish","format-standard","has-post-thumbnail","hentry","category-actual"],"_links":{"self":[{"href":"https:\/\/247stiri.ro\/index.php\/wp-json\/wp\/v2\/posts\/23455","targetHints":{"allow":["GET"]}}],"collection":[{"href":"https:\/\/247stiri.ro\/index.php\/wp-json\/wp\/v2\/posts"}],"about":[{"href":"https:\/\/247stiri.ro\/index.php\/wp-json\/wp\/v2\/types\/post"}],"replies":[{"embeddable":true,"href":"https:\/\/247stiri.ro\/index.php\/wp-json\/wp\/v2\/comments?post=23455"}],"version-history":[{"count":0,"href":"https:\/\/247stiri.ro\/index.php\/wp-json\/wp\/v2\/posts\/23455\/revisions"}],"wp:featuredmedia":[{"embeddable":true,"href":"https:\/\/247stiri.ro\/index.php\/wp-json\/wp\/v2\/media\/23452"}],"wp:attachment":[{"href":"https:\/\/247stiri.ro\/index.php\/wp-json\/wp\/v2\/media?parent=23455"}],"wp:term":[{"taxonomy":"category","embeddable":true,"href":"https:\/\/247stiri.ro\/index.php\/wp-json\/wp\/v2\/categories?post=23455"},{"taxonomy":"post_tag","embeddable":true,"href":"https:\/\/247stiri.ro\/index.php\/wp-json\/wp\/v2\/tags?post=23455"}],"curies":[{"name":"wp","href":"https:\/\/api.w.org\/{rel}","templated":true}]}}