{"id":23457,"date":"2025-01-12T10:45:19","date_gmt":"2025-01-12T10:45:19","guid":{"rendered":"https:\/\/247stiri.ro\/index.php\/2025\/01\/12\/protest-la-frontiera-cu-100-de-politisti-oamenii-legii-se-alatura-miscarii-romanilor-umiliti-video\/"},"modified":"2025-01-12T10:45:19","modified_gmt":"2025-01-12T10:45:19","slug":"protest-la-frontiera-cu-100-de-politisti-oamenii-legii-se-alatura-miscarii-romanilor-umiliti-video","status":"publish","type":"post","link":"https:\/\/247stiri.ro\/index.php\/2025\/01\/12\/protest-la-frontiera-cu-100-de-politisti-oamenii-legii-se-alatura-miscarii-romanilor-umiliti-video\/","title":{"rendered":"Protest la frontier\u0103 cu 100 de poli\u021bi\u0219ti. Oamenii legii se al\u0103tur\u0103 mi\u0219c\u0103rii rom\u00e2nilor umili\u021bi  &#8211; VIDEO"},"content":{"rendered":"<p>\u201dPeste 100 de poli\u0163i\u015fti de frontier\u0103 protesteaz\u0103 \u00een fa\u0163a Punctului de Trecere a Frontierei Sculeni (frontiera cu Republica Moldova) \u00eempotriva t\u0103ierilor salariale pentru munca desf\u0103\u015furat\u0103 s\u00e2mb\u0103ta, duminica \u015fi de s\u0103rb\u0103tori legale\u201d, a transmis Sindicatul Europol.\u00a0Ac\u0163iuni de protest au avut loc \u015fi zilele trecute, c\u00e2nd poli\u0163i\u015fti de la inspectorate jude\u0163ene au ie\u015fit \u00een fa\u0163a institu\u0163iei pentru a discuta situa\u0163ia.\u00a0\u201dPoli\u0163i\u015ftii din cadrul IPJ Bac\u0103u au oprit activitatea \u015fi au ie\u015fit \u00een fa\u0163a institu\u0163iei pentru a discuta \u00eentre ei ce alternative au la dispozi\u0163ie pentru plata ratelor bancare \u015fi a cheltuielilor de zi cu zi, \u00een condi\u0163iile \u00een care, la salariul pe care \u00eel vor primi \u00een februarie, venitul lor va fi diminuat cu 1.500 de lei. \u00cen ultimele zile, astfel de ac\u0163iuni spontane au avut loc \u00een toat\u0103 \u0163ara\u201d, anun\u0163a Sindicatul Europol, \u00een urm\u0103 cu dou\u0103 zile.\u00a0\u00a0Sindicatul Europol a precizat c\u0103, \u00een 17 ianuarie, va avea loc un protest de amploare al angaja\u0163ilor MAI nemul\u0163umi\u0163i de t\u0103ierile salariale pentru orele de munc\u0103 la final de s\u0103pt\u0103m\u00e2n\u0103 \u015fi s\u0103rb\u0103tori legale.<\/p>","protected":false},"excerpt":{"rendered":"<p>\u201dPeste 100 de poli\u0163i\u015fti de frontier\u0103 protesteaz\u0103 \u00een fa\u0163a Punctului de Trecere a Frontierei Sculeni&hellip;<\/p>\n","protected":false},"author":0,"featured_media":23458,"comment_status":"open","ping_status":"open","sticky":false,"template":"","format":"standard","meta":{"footnotes":""},"categories":[2],"tags":[],"class_list":["post-23457","post","type-post","status-publish","format-standard","has-post-thumbnail","hentry","category-actual"],"_links":{"self":[{"href":"https:\/\/247stiri.ro\/index.php\/wp-json\/wp\/v2\/posts\/23457","targetHints":{"allow":["GET"]}}],"collection":[{"href":"https:\/\/247stiri.ro\/index.php\/wp-json\/wp\/v2\/posts"}],"about":[{"href":"https:\/\/247stiri.ro\/index.php\/wp-json\/wp\/v2\/types\/post"}],"replies":[{"embeddable":true,"href":"https:\/\/247stiri.ro\/index.php\/wp-json\/wp\/v2\/comments?post=23457"}],"version-history":[{"count":0,"href":"https:\/\/247stiri.ro\/index.php\/wp-json\/wp\/v2\/posts\/23457\/revisions"}],"wp:featuredmedia":[{"embeddable":true,"href":"https:\/\/247stiri.ro\/index.php\/wp-json\/wp\/v2\/media\/23458"}],"wp:attachment":[{"href":"https:\/\/247stiri.ro\/index.php\/wp-json\/wp\/v2\/media?parent=23457"}],"wp:term":[{"taxonomy":"category","embeddable":true,"href":"https:\/\/247stiri.ro\/index.php\/wp-json\/wp\/v2\/categories?post=23457"},{"taxonomy":"post_tag","embeddable":true,"href":"https:\/\/247stiri.ro\/index.php\/wp-json\/wp\/v2\/tags?post=23457"}],"curies":[{"name":"wp","href":"https:\/\/api.w.org\/{rel}","templated":true}]}}