{"id":23487,"date":"2025-01-12T14:45:03","date_gmt":"2025-01-12T14:45:03","guid":{"rendered":"https:\/\/247stiri.ro\/index.php\/2025\/01\/12\/ministrul-finantelor-nu-va-fi-majorata-cota-tva-in-2025\/"},"modified":"2025-01-12T14:45:03","modified_gmt":"2025-01-12T14:45:03","slug":"ministrul-finantelor-nu-va-fi-majorata-cota-tva-in-2025","status":"publish","type":"post","link":"https:\/\/247stiri.ro\/index.php\/2025\/01\/12\/ministrul-finantelor-nu-va-fi-majorata-cota-tva-in-2025\/","title":{"rendered":"Ministrul Finan\u021belor: \u201eNu va fi majorat\u0103 cota TVA \u00een 2025\u201d"},"content":{"rendered":"<p>El a transmis duminic\u0103, \u00eentr-un mesaj pe Facebook, c\u0103 luni, 13 ianuarie, vor avea loc \u00eent\u00e2lniri cu ministerele pentru elaborarea bugetului Rom\u00e2niei pentru 2025. \u201eNu cre\u0219tem TVA\u201d, a precizat acesta.<\/p>\n<p>\u201eElabor\u0103m bugetul Rom\u00e2niei pentru 2025. M\u00e2ine diminea\u021b\u0103 continu\u0103m \u00eent\u00e2lnirile cu ministerele. Nu cre\u0219tem TVA\u201d, a scris duminic\u0103, pe Facebook, ministrul Tanczos Barna.<\/p>\n<p>Reac\u021bia ministrului vine dup\u0103 ce au ap\u0103rut informa\u021bii conform c\u0103rora anul acesta s-ar putea modifica nivelul TVA, dar \u0219i taxarea muncii.<\/p>\n<p>Totodat\u0103, \u00een urm\u0103 cu o s\u0103pt\u0103m\u00e2n\u0103, premierul\u00a0Marcel Ciolacu a publicat un clip video pe Tik Tok\u00a0cu mesajul \u201eNu se m\u0103re\u0219te TVA-ul\u201d scris pe m\u00e2n\u0103. \u201eZis \u0219i f\u0103cut\u201d, a comentat Ciolacu \u00eentr-un mesaj scris \u00een englez\u0103 (\u201eSaid and done\u201d).<\/p>\n<p>\u00cen 28 octombrie 2024, \u00een plin\u0103 campanie electoral\u0103, premierul Ciolacu declara c\u0103 nu se m\u0103re\u015fte TVA-ul \u015fi spunea c\u0103 se va tatua pe m\u00e2n\u0103 cu acest mesaj. El mai declara c\u0103 nu va cre\u015fte nici cota unic\u0103.<\/p>\n<p>\u201eNu se m\u0103re\u015fte TVA-ul. V-o spun: m\u0103 tatuez pe m\u00e2n\u0103 &#8222;Nu se m\u0103re\u015fte TVA&#8221;. Nu cre\u015fte nicio cot\u0103 unic\u0103. Partea bun\u0103 e c\u0103 nu cre\u0219te niciun TVA, nu voi repeta experien\u021ba Boc&#8230;care duce la inechitate social\u0103.&#8221;, spunea Marcel Ciolacu. Premierul ad\u0103uga atunci c\u0103 niciun guvern nu va cre\u015fte TVA \u00een situa\u0163ia \u00een care m\u0103sura va avea un impact minim din punct de vedere al colect\u0103rii la buget.<\/p>","protected":false},"excerpt":{"rendered":"<p>El a transmis duminic\u0103, \u00eentr-un mesaj pe Facebook, c\u0103 luni, 13 ianuarie, vor avea loc&hellip;<\/p>\n","protected":false},"author":0,"featured_media":23488,"comment_status":"open","ping_status":"open","sticky":false,"template":"","format":"standard","meta":{"footnotes":""},"categories":[2],"tags":[],"class_list":["post-23487","post","type-post","status-publish","format-standard","has-post-thumbnail","hentry","category-actual"],"_links":{"self":[{"href":"https:\/\/247stiri.ro\/index.php\/wp-json\/wp\/v2\/posts\/23487","targetHints":{"allow":["GET"]}}],"collection":[{"href":"https:\/\/247stiri.ro\/index.php\/wp-json\/wp\/v2\/posts"}],"about":[{"href":"https:\/\/247stiri.ro\/index.php\/wp-json\/wp\/v2\/types\/post"}],"replies":[{"embeddable":true,"href":"https:\/\/247stiri.ro\/index.php\/wp-json\/wp\/v2\/comments?post=23487"}],"version-history":[{"count":0,"href":"https:\/\/247stiri.ro\/index.php\/wp-json\/wp\/v2\/posts\/23487\/revisions"}],"wp:featuredmedia":[{"embeddable":true,"href":"https:\/\/247stiri.ro\/index.php\/wp-json\/wp\/v2\/media\/23488"}],"wp:attachment":[{"href":"https:\/\/247stiri.ro\/index.php\/wp-json\/wp\/v2\/media?parent=23487"}],"wp:term":[{"taxonomy":"category","embeddable":true,"href":"https:\/\/247stiri.ro\/index.php\/wp-json\/wp\/v2\/categories?post=23487"},{"taxonomy":"post_tag","embeddable":true,"href":"https:\/\/247stiri.ro\/index.php\/wp-json\/wp\/v2\/tags?post=23487"}],"curies":[{"name":"wp","href":"https:\/\/api.w.org\/{rel}","templated":true}]}}