{"id":23495,"date":"2025-01-12T15:44:49","date_gmt":"2025-01-12T15:44:49","guid":{"rendered":"https:\/\/247stiri.ro\/index.php\/2025\/01\/12\/george-simion-liderul-suveranistilor-vocea-a-peste-100-000-de-romani-trebuie-sa-se-faca-auzita-klaus-si-marcel-trebuie-sa-plece-video\/"},"modified":"2025-01-12T15:44:49","modified_gmt":"2025-01-12T15:44:49","slug":"george-simion-liderul-suveranistilor-vocea-a-peste-100-000-de-romani-trebuie-sa-se-faca-auzita-klaus-si-marcel-trebuie-sa-plece-video","status":"publish","type":"post","link":"https:\/\/247stiri.ro\/index.php\/2025\/01\/12\/george-simion-liderul-suveranistilor-vocea-a-peste-100-000-de-romani-trebuie-sa-se-faca-auzita-klaus-si-marcel-trebuie-sa-plece-video\/","title":{"rendered":"George Simion, liderul suverani\u0219tilor: \u201e Vocea a peste 100.000 de rom\u00e2ni trebuie s\u0103 se fac\u0103 auzit\u0103. Klaus \u0219i Marcel trebuie s\u0103 plece!\u201d | VIDEO"},"content":{"rendered":"<p>\u201dVocea a peste 100.000 de rom\u00e2ni trebuie s\u0103 se fac\u0103 auzit\u0103, iar Marcel Ciolacu \u015fi tot Guvernul lui care a fost \u00eenfr\u00e2nt \u00een alegeri trebuie s\u0103 plece, iar \u00een seara asta Klaus Werner Iohannis trebuie s\u0103 \u00ee\u015fi dea demisia. Vrem repetarea alegerilor \u00eencep\u00e2nd cu turul doi\u201d, a transmis, duminic\u0103 dup\u0103-amiaz\u0103, George Simion, \u00eentr-un live pe Facebook.<\/p>\n<p>Acesta afirm\u0103 c\u0103 Marcel Ciolacu trebuie \u201ds\u0103 plece de la Palatul Victoria pentru c\u0103 rom\u00e2nii nu l-au mai vrut, nu a fost \u00een stare s\u0103 intre \u00een turul doi\u201d.<\/p>\n<p>\u201d\u0102sta este Ciolacu, \u0103sta este PSD \u015fi brelocul s\u0103u, PNL. Iar Klaus Werner Iohannis, locatarul ilegitim de la Cotroceni \u00a0(&#8230;) este cazul s\u0103 plece\u201d, a mai declarat Simion.<\/p>\n<p>Reac\u0163ia sa vine dup\u0103 ce nu s-au scandat lozinci \u00eempotriva Guvernului pe durata c\u00e2t manifestan\u0163ii au stat \u00een Pia\u0163a Victoriei.\u00a0<\/p>\n<p>Simion afirm\u0103 c\u0103 nu au existat incidente, recomand\u0103rile autorit\u0103\u0163ilor fiind ascultate.<\/p>\n<p>\u201dNu au existat \u00eencidente, ne-am conformat indica\u0163iilor primite din partea autorit\u0103\u0163ilor, totul decurge \u00een regul\u0103. Nu au fost, p\u00e2n\u0103 \u00een acest moment probleme\u201d, a mai transmis Simion.<\/p>\n<p>\u015ei Jandarmeria Bucure\u015fti a transmis c\u0103 nu au existat incidente \u015fi a f\u0103cut apel la manifestan\u0163i s\u0103 p\u0103streze traseul aprobat.\u00a0<\/p>","protected":false},"excerpt":{"rendered":"<p>\u201dVocea a peste 100.000 de rom\u00e2ni trebuie s\u0103 se fac\u0103 auzit\u0103, iar Marcel Ciolacu \u015fi&hellip;<\/p>\n","protected":false},"author":0,"featured_media":23492,"comment_status":"open","ping_status":"open","sticky":false,"template":"","format":"standard","meta":{"footnotes":""},"categories":[2],"tags":[],"class_list":["post-23495","post","type-post","status-publish","format-standard","has-post-thumbnail","hentry","category-actual"],"_links":{"self":[{"href":"https:\/\/247stiri.ro\/index.php\/wp-json\/wp\/v2\/posts\/23495","targetHints":{"allow":["GET"]}}],"collection":[{"href":"https:\/\/247stiri.ro\/index.php\/wp-json\/wp\/v2\/posts"}],"about":[{"href":"https:\/\/247stiri.ro\/index.php\/wp-json\/wp\/v2\/types\/post"}],"replies":[{"embeddable":true,"href":"https:\/\/247stiri.ro\/index.php\/wp-json\/wp\/v2\/comments?post=23495"}],"version-history":[{"count":0,"href":"https:\/\/247stiri.ro\/index.php\/wp-json\/wp\/v2\/posts\/23495\/revisions"}],"wp:featuredmedia":[{"embeddable":true,"href":"https:\/\/247stiri.ro\/index.php\/wp-json\/wp\/v2\/media\/23492"}],"wp:attachment":[{"href":"https:\/\/247stiri.ro\/index.php\/wp-json\/wp\/v2\/media?parent=23495"}],"wp:term":[{"taxonomy":"category","embeddable":true,"href":"https:\/\/247stiri.ro\/index.php\/wp-json\/wp\/v2\/categories?post=23495"},{"taxonomy":"post_tag","embeddable":true,"href":"https:\/\/247stiri.ro\/index.php\/wp-json\/wp\/v2\/tags?post=23495"}],"curies":[{"name":"wp","href":"https:\/\/api.w.org\/{rel}","templated":true}]}}