{"id":23496,"date":"2025-01-12T15:44:49","date_gmt":"2025-01-12T15:44:49","guid":{"rendered":"https:\/\/247stiri.ro\/index.php\/2025\/01\/12\/jandarmeria-bucuresti-confirma-protestul-pentru-sprijinul-lui-calin-georgescu-este-pasnic\/"},"modified":"2025-01-12T15:44:49","modified_gmt":"2025-01-12T15:44:49","slug":"jandarmeria-bucuresti-confirma-protestul-pentru-sprijinul-lui-calin-georgescu-este-pasnic","status":"publish","type":"post","link":"https:\/\/247stiri.ro\/index.php\/2025\/01\/12\/jandarmeria-bucuresti-confirma-protestul-pentru-sprijinul-lui-calin-georgescu-este-pasnic\/","title":{"rendered":"Jandarmeria Bucure\u0219ti confirm\u0103: Protestul pentru sprijinul lui C\u0102LIN GEORGESCU este PA\u0218NIC!"},"content":{"rendered":"<p>Jandarmeria\u00a0Bucure\u015fti anun\u0163\u0103 c\u0103, duminic\u0103 dup\u0103-amiaz\u0103, to\u0163i\u00a0protestatarii au ajuns \u00een Pia\u0163a Victorie \u015fi nu au fost semnalate incidente.<\/p>\n<p>Jandarmii fac apel la participan\u0163i s\u0103 nu se abat\u0103 de la traseul aprobat, \u00eentruc\u00e2t au fost impure restric\u0163ii de trafic pentru siguran\u0163a participan\u0163ilor.<\/p>\n<p>\u201d\u00cen acest moment, to\u0163i participan\u0163ii la adunarea public\u0103 de protest au ajuns \u00een Pia\u0163a Victoriei. Manifesta\u0163ia p\u0103streaz\u0103 un caracter pa\u015fnic \u015fi civilizat \u015fi nu au fost \u00eenregistrate incidente de natur\u0103 s\u0103 afecteze ordinea \u015fi lini\u015ftea public\u0103. \u00cen continuare, pentru siguran\u0163a lor \u015fi a celorla\u0163i cet\u0103\u0163eni, facem apel c\u0103tre organizator, reprezentan\u0163ii acestuia \u015fi participan\u0163i s\u0103 respecte \u00eentocmai locurile de desf\u0103\u015furare \u015fi traseele de deplasare declarate \u015fi asumate \u00een protocolul agreat de comun acord \u00een cadrul Comisiei de Avizare\u201d, a transmis, duminic\u0103, Jandarmeria Bucure\u015fti.<\/p>\n<p>Apelul vine dup\u0103 ce grupuri de manifestan\u0163i s-ar fi desprins de coloana principal\u0103, fiind pe str\u0103zi adiacente traseului principal.\u00a0<\/p>\n<p>\u201dPentru respectarea drepturilor \u015fi libert\u0103\u0163ilor celorlal\u0163i cet\u0103\u0163eni din Capital\u0103, insist\u0103m ca dup\u0103 ce se p\u0103r\u0103sesc Pia\u0163a Victoriei, s\u0103 nu \u00eentrerup\u0103 deplasarea \u015fi s\u0103 nu se abat\u0103 de la traseele agreate, \u00eentruc\u00e2t au fost impuse restric\u0163ii de circula\u0163ie rutier\u0103 pentru siguran\u0163a mar\u015fului de protest solicitat, at\u00e2t pentru participan\u0163ii la trafic, c\u00e2t \u015fi pentru autovehiculele cu regim prioritar \u015fi de transport \u00een comun\u201d, au mai transmis jandarmii.<\/p>\n<p>Ace\u015ftia fac apel la manifestan\u0163i, \u201ddac\u0103 observ\u0103 activit\u0103\u0163i ilegale, de natur\u0103 s\u0103 afecteze desf\u0103\u015furarea \u00een condi\u0163ii de siguran\u0163\u0103 a adun\u0103rii publice, s\u0103 se dezic\u0103 de astfel de comportamente \u015fi s\u0103 le indice imediat for\u0163elor de ordine din apropiere\u201d.<\/p>\n<p>\u201dReiter\u0103m faptul c\u0103 Jandarmeria Rom\u00e2n\u0103 nu efectueaz\u0103 estim\u0103ri cu caracter public privind num\u0103rul participan\u0163ilor la mitinguri, proteste sau alte adun\u0103ri publice. Jandarmeria realizeaz\u0103 doar estim\u0103ri \u015fi evalu\u0103ri operative, exclusiv pentru adaptarea capacit\u0103\u0163ii de r\u0103spuns \u00eentr-un mod flexibil \u015fi adecvat situa\u0163iei operative din teren, av\u00e2nd ca scop asigurarea ordinii publice \u015fi protejarea participan\u0163ilor\u201d, a mai transmis Jandarmeria.<\/p>\n<p>AUR spune c\u0103 sunt 100.000 de manifestan\u0163i, dar alte estim\u0103ri, neoficiale, arat\u0103 c\u0103 sunt mai pu\u0163ini participan\u0163i la protest, dar de ordinul zecilor de mii.<\/p>","protected":false},"excerpt":{"rendered":"<p>Jandarmeria\u00a0Bucure\u015fti anun\u0163\u0103 c\u0103, duminic\u0103 dup\u0103-amiaz\u0103, to\u0163i\u00a0protestatarii au ajuns \u00een Pia\u0163a Victorie \u015fi nu au fost&hellip;<\/p>\n","protected":false},"author":0,"featured_media":23494,"comment_status":"open","ping_status":"open","sticky":false,"template":"","format":"standard","meta":{"footnotes":""},"categories":[2],"tags":[],"class_list":["post-23496","post","type-post","status-publish","format-standard","has-post-thumbnail","hentry","category-actual"],"_links":{"self":[{"href":"https:\/\/247stiri.ro\/index.php\/wp-json\/wp\/v2\/posts\/23496","targetHints":{"allow":["GET"]}}],"collection":[{"href":"https:\/\/247stiri.ro\/index.php\/wp-json\/wp\/v2\/posts"}],"about":[{"href":"https:\/\/247stiri.ro\/index.php\/wp-json\/wp\/v2\/types\/post"}],"replies":[{"embeddable":true,"href":"https:\/\/247stiri.ro\/index.php\/wp-json\/wp\/v2\/comments?post=23496"}],"version-history":[{"count":0,"href":"https:\/\/247stiri.ro\/index.php\/wp-json\/wp\/v2\/posts\/23496\/revisions"}],"wp:featuredmedia":[{"embeddable":true,"href":"https:\/\/247stiri.ro\/index.php\/wp-json\/wp\/v2\/media\/23494"}],"wp:attachment":[{"href":"https:\/\/247stiri.ro\/index.php\/wp-json\/wp\/v2\/media?parent=23496"}],"wp:term":[{"taxonomy":"category","embeddable":true,"href":"https:\/\/247stiri.ro\/index.php\/wp-json\/wp\/v2\/categories?post=23496"},{"taxonomy":"post_tag","embeddable":true,"href":"https:\/\/247stiri.ro\/index.php\/wp-json\/wp\/v2\/tags?post=23496"}],"curies":[{"name":"wp","href":"https:\/\/api.w.org\/{rel}","templated":true}]}}