{"id":23512,"date":"2025-01-12T18:44:53","date_gmt":"2025-01-12T18:44:53","guid":{"rendered":"https:\/\/247stiri.ro\/index.php\/2025\/01\/12\/momente-de-groaza-pentru-o-familie-din-dolj-copilul-de-4-ani-a-disparut-din-fata-curtii-si-este-de-negasit\/"},"modified":"2025-01-12T18:44:53","modified_gmt":"2025-01-12T18:44:53","slug":"momente-de-groaza-pentru-o-familie-din-dolj-copilul-de-4-ani-a-disparut-din-fata-curtii-si-este-de-negasit","status":"publish","type":"post","link":"https:\/\/247stiri.ro\/index.php\/2025\/01\/12\/momente-de-groaza-pentru-o-familie-din-dolj-copilul-de-4-ani-a-disparut-din-fata-curtii-si-este-de-negasit\/","title":{"rendered":"Momente de groaz\u0103, pentru o familie din Dolj. Copilul de 4 ani a disp\u0103rut din fa\u021ba cur\u021bii \u0219i este de neg\u0103sit"},"content":{"rendered":"<p>\u201dLa data de 12 ianuarie a.c., ora 18.04, Sec\u0163ia 6 Poli\u0163ie Craiova a fost sesizat\u0103 de o femeie, de 78 de ani, din municipiul Craiova, cu privire la faptul c\u0103, nepotul s\u0103u, POENARU YANNIS, \u00een v\u00e2rst\u0103 de 4 ani, \u00een cursul acestei zile, \u00een jurul orei 15.00 a plecat din fa\u0163a locuin\u0163ei sale, unde se juca \u00eempreun\u0103 cu al\u0163i copii \u015fi nu a mai revenit p\u00e2n\u0103 \u00een prezent\u201d, a transmis, duminic\u0103 sear\u0103, IPJ Dolj.<\/p>\n<p>Copilul are \u00een\u0103l\u0163ime 110 cm, 15 kg, ochii negri, p\u0103r negru.<\/p>\n<p>La momentul plec\u0103rii acesta era \u00eembr\u0103cat \u00eentr-un hanorac de culoare negru, o vest\u0103 cu glug\u0103 de culoare ro\u015fu, fiind \u00eenc\u0103l\u0163at \u00eentr-o pereche de cizme de culoare negru.<\/p>\n<p>\u201dPersoanele care de\u0163in informa\u0163ii utile cu privire la minorul disp\u0103rut sunt rugate s\u0103 apeleze num\u0103rul unic de urgen\u0163\u0103 112 sau s\u0103 anun\u0163e cea mai apropiat\u0103 unitate de poli\u0163ie\u201d, a mai transmis sursa citat\u0103.<\/p>","protected":false},"excerpt":{"rendered":"<p>\u201dLa data de 12 ianuarie a.c., ora 18.04, Sec\u0163ia 6 Poli\u0163ie Craiova a fost sesizat\u0103&hellip;<\/p>\n","protected":false},"author":0,"featured_media":23513,"comment_status":"open","ping_status":"open","sticky":false,"template":"","format":"standard","meta":{"footnotes":""},"categories":[2],"tags":[],"class_list":["post-23512","post","type-post","status-publish","format-standard","has-post-thumbnail","hentry","category-actual"],"_links":{"self":[{"href":"https:\/\/247stiri.ro\/index.php\/wp-json\/wp\/v2\/posts\/23512","targetHints":{"allow":["GET"]}}],"collection":[{"href":"https:\/\/247stiri.ro\/index.php\/wp-json\/wp\/v2\/posts"}],"about":[{"href":"https:\/\/247stiri.ro\/index.php\/wp-json\/wp\/v2\/types\/post"}],"replies":[{"embeddable":true,"href":"https:\/\/247stiri.ro\/index.php\/wp-json\/wp\/v2\/comments?post=23512"}],"version-history":[{"count":0,"href":"https:\/\/247stiri.ro\/index.php\/wp-json\/wp\/v2\/posts\/23512\/revisions"}],"wp:featuredmedia":[{"embeddable":true,"href":"https:\/\/247stiri.ro\/index.php\/wp-json\/wp\/v2\/media\/23513"}],"wp:attachment":[{"href":"https:\/\/247stiri.ro\/index.php\/wp-json\/wp\/v2\/media?parent=23512"}],"wp:term":[{"taxonomy":"category","embeddable":true,"href":"https:\/\/247stiri.ro\/index.php\/wp-json\/wp\/v2\/categories?post=23512"},{"taxonomy":"post_tag","embeddable":true,"href":"https:\/\/247stiri.ro\/index.php\/wp-json\/wp\/v2\/tags?post=23512"}],"curies":[{"name":"wp","href":"https:\/\/api.w.org\/{rel}","templated":true}]}}