{"id":23525,"date":"2025-01-12T19:45:37","date_gmt":"2025-01-12T19:45:37","guid":{"rendered":"https:\/\/247stiri.ro\/index.php\/2025\/01\/12\/accident-grav-in-timis-un-baiat-de-7-ani-si-o-fetita-de-11-ani-raniti-video\/"},"modified":"2025-01-12T19:45:37","modified_gmt":"2025-01-12T19:45:37","slug":"accident-grav-in-timis-un-baiat-de-7-ani-si-o-fetita-de-11-ani-raniti-video","status":"publish","type":"post","link":"https:\/\/247stiri.ro\/index.php\/2025\/01\/12\/accident-grav-in-timis-un-baiat-de-7-ani-si-o-fetita-de-11-ani-raniti-video\/","title":{"rendered":"Accident grav \u00een Timi\u0219. Un b\u0103iat de 7 ani \u0219i o feti\u021b\u0103 de 11 ani, r\u0103ni\u021bi VIDEO"},"content":{"rendered":"<p>\u201dUn t\u00e2n\u0103r \u00een v\u00e2rst\u0103 de 25 de ani a condus un autoturism pe Calea Timi\u015foarei din localitatea Giroc, iar la un moment dat a intrat \u00een coliziune fa\u0163\u0103-spate cu un autoturism condus de un b\u0103rbat \u00een v\u00e2rst\u0103 de 39 de ani\u201d, a transmis, duminic\u0103 sear\u0103, IPJ Timi\u015f.<\/p>\n<p>\u00a0<\/p>\n<p>Sursa citat\u0103 a precizat c\u0103, \u00een urma evenimentului rutier, 2 minori au fost transporta\u0163i la spital pentru verific\u0103ri de specialitate, respectiv un b\u0103iat de 7 ani \u015fi o fat\u0103 de 11 ani, ambii pasageri \u00een autoturismul condus de b\u0103rbatul \u00een v\u00e2rst\u0103 de 39 de ani.<\/p>\n<p>\u00cen cauz\u0103, a fost \u00eentocmit dosar penal sub aspectul s\u0103v\u00e2r\u015firii infrac\u0163iunii de v\u0103t\u0103mare corporal\u0103 din culp\u0103.<\/p>","protected":false},"excerpt":{"rendered":"<p>\u201dUn t\u00e2n\u0103r \u00een v\u00e2rst\u0103 de 25 de ani a condus un autoturism pe Calea Timi\u015foarei&hellip;<\/p>\n","protected":false},"author":0,"featured_media":23526,"comment_status":"open","ping_status":"open","sticky":false,"template":"","format":"standard","meta":{"footnotes":""},"categories":[2],"tags":[],"class_list":["post-23525","post","type-post","status-publish","format-standard","has-post-thumbnail","hentry","category-actual"],"_links":{"self":[{"href":"https:\/\/247stiri.ro\/index.php\/wp-json\/wp\/v2\/posts\/23525","targetHints":{"allow":["GET"]}}],"collection":[{"href":"https:\/\/247stiri.ro\/index.php\/wp-json\/wp\/v2\/posts"}],"about":[{"href":"https:\/\/247stiri.ro\/index.php\/wp-json\/wp\/v2\/types\/post"}],"replies":[{"embeddable":true,"href":"https:\/\/247stiri.ro\/index.php\/wp-json\/wp\/v2\/comments?post=23525"}],"version-history":[{"count":0,"href":"https:\/\/247stiri.ro\/index.php\/wp-json\/wp\/v2\/posts\/23525\/revisions"}],"wp:featuredmedia":[{"embeddable":true,"href":"https:\/\/247stiri.ro\/index.php\/wp-json\/wp\/v2\/media\/23526"}],"wp:attachment":[{"href":"https:\/\/247stiri.ro\/index.php\/wp-json\/wp\/v2\/media?parent=23525"}],"wp:term":[{"taxonomy":"category","embeddable":true,"href":"https:\/\/247stiri.ro\/index.php\/wp-json\/wp\/v2\/categories?post=23525"},{"taxonomy":"post_tag","embeddable":true,"href":"https:\/\/247stiri.ro\/index.php\/wp-json\/wp\/v2\/tags?post=23525"}],"curies":[{"name":"wp","href":"https:\/\/api.w.org\/{rel}","templated":true}]}}