{"id":23530,"date":"2025-01-12T20:45:03","date_gmt":"2025-01-12T20:45:03","guid":{"rendered":"https:\/\/247stiri.ro\/index.php\/2025\/01\/12\/george-simion-liderul-suveranistilor-vor-sa-impinga-alegerile-pana-in-toamna-ca-sa-scape-de-valul-georgist\/"},"modified":"2025-01-12T20:45:03","modified_gmt":"2025-01-12T20:45:03","slug":"george-simion-liderul-suveranistilor-vor-sa-impinga-alegerile-pana-in-toamna-ca-sa-scape-de-valul-georgist","status":"publish","type":"post","link":"https:\/\/247stiri.ro\/index.php\/2025\/01\/12\/george-simion-liderul-suveranistilor-vor-sa-impinga-alegerile-pana-in-toamna-ca-sa-scape-de-valul-georgist\/","title":{"rendered":"George Simion, liderul suverani\u0219tilor: \u201eVor s\u0103 \u00eemping\u0103 alegerile p\u00e2n\u0103 \u00een toamn\u0103 ca s\u0103 scape de valul georgist\u201d"},"content":{"rendered":"<p>\u201eFoarte mult\u0103 lume a avut emo\u021bii crez\u00e2nd c\u0103 noi, cei de la AUR, vom confisca aceast\u0103 manifestare, c\u0103 vom avea scene, discursuri \u0219i alte evenimente. Dar am promis c\u0103 nu vom politiza acest eveniment. A fost protestul rom\u00e2nilor. S-au baricadat! La Cotroceni erau 5.000 de jandarmi, \u00een Pia\u021ba Victoriei s-au stins luminile stradale. Ciudat! Din prima zi in care am anun\u021bat mitingul, asupra noastr\u0103 a \u00eenceput tirul de acuza\u021bii la adresa mea \u0219i partidului AUR. Mi s-a spus c\u0103 sunt omul lui George Soros \u0219i c\u0103 \u00eel sus\u021bin pe Nicu\u0219or Dan. Au fost date film\u0103ri vechi, lucrate, \u00een care p\u0103rea c\u0103 domnul Georgescu se leap\u0103d\u0103 de mine. S-a supus c\u0103 m\u0103 cert cu Claudiu T\u00e2rziu, s-a spus c\u0103 am pus protestul pe 12 ianuarie c\u0103 plou\u0103 atunci. Dimpotriv\u0103. A fost frumos, ce-i drept, un pic cam frig. \u00cen 2024 eram la postul de televiziune RTV candidatul rom\u00e2nilor, iar acum sunt candidatul lui Soros. \u00cen\u021beleg c\u0103 Ponta si Ciolacu au o anumita inten\u021bie politic\u0103 la respectivul post TV. PSD se teme groaznic de AUR, pentru c\u0103 am fost la un pas s\u0103 \u00eei \u00eenvingem la alegerile parlamentare. S-a spus c\u0103 Alferd Simonis mi-a dat voturi. Ponta va candida doar ca s\u0103 lase loc pentru Ciolacu. Democra\u021bia a fost suspendat\u0103 \u00een Rom\u00e2nia, iar C\u0103lin Georgescu, fiind atacat de anumi\u021bi moderatori TV, la domnul G\u00e2dea, a considerat c\u0103 trebuie s\u0103 ias\u0103 din acest joc partinic \u0219i nu a mai vrut s\u0103 fie pre\u0219edinte de onoare al AUR. Eu sunt un om de onoare, \u0219i, chiar dac\u0103 am doar 38 de ani, am dob\u00e2ndit o anumit\u0103 experien\u021b\u0103, am convingeri de la care nu m-am ab\u0103tut. De c\u00e2nd i-am dus lum\u00e2n\u0103ri lui Iliescu \u0219i i-am mul\u021bumit pentru democra\u021bia original\u0103, nu m-am ab\u0103tut de la principiile care m\u0103 c\u0103l\u0103uzesc. Din cauza activit\u0103\u021bii mele unioniste am primit interdic\u021bie \u00een Republica Moldova \u0219i Ucraina \u0219i am ajuns s\u0103 fiu denigrat c\u0103 lupt pentru Rom\u00e2nia. Am demonstrat azi c\u0103 am f\u0103cut exact ceea ce am spus. Am oferit o platform\u0103 rom\u00e2nilor ca s\u0103-\u0219i exprime dolean\u021bele la adresa conduc\u0103torilor \u021b\u0103rii. Care va fi reac\u021bia lui Ioahnnis \u0219i Ciolacu? M\u0103 a\u0219tept, pentru c\u0103 a\u0219a e \u00eentr-o societate normal\u0103, ca dup\u0103 o astfel de manifesta\u021bie Iohannis s\u0103 \u00ee\u0219i dea demisia pentru a re\u00eencepe ciclul constitu\u021bional al Rom\u00e2niei. Ciolacu a spus c\u0103 face alegerile \u00een martie, dup\u0103 aia aprilie, acum pe 4 \u0219i 18 mai, dar am informa\u021bii c\u0103 vor s\u0103 duc\u0103 alegerile \u00een toamn\u0103, ca s\u0103 treac\u0103 valul de simpatie popular\u0103 pentru pre\u0219edintele ales, C\u0103lin Georgescu. M\u00e2ine vom prezenta solu\u021bii normale ca s\u0103 nu treac\u0103 ordonan\u021ba trenule\u021b. M\u00e2ine vom avea solu\u021biile \u0219i alternative la ordonan\u021ba trenule\u021b.<\/p>\n<p>12 ianuarie e o dat\u0103 simbol, puteam face pe 11 evenimentul. Acum 35 de ani a fost prima manifesta\u021bie \u00een Rom\u00e2nia pentru a garanta alegeri libere. Tot emana\u021bii Revolu\u021biei au c\u00e2\u0219tigat. Ion Iliescu eu un fel de Gorbaciov d\u00e2mbovi\u021bean, c\u0103ruia nomenclatura din jurul lui Ceau\u0219escu i-a oferit o democra\u021bie original\u0103. Pe 6 decembrie C\u0103lin Georgescu a f\u0103cut apel masiv s\u0103 nu se ias\u0103 \u00een strad\u0103. La ce furie exista atunci, aveau \u00een plan s\u0103 instaureze starea de urgen\u021b\u0103. \u0218i azi se puteau \u00eent\u00e2mpla multe, puteau b\u0103ga instigatori printre noi la manifesta\u021bie. De pe 6 decembrie p\u00e2n\u0103 pe 12 ianuarie am \u00eencercat toate c\u0103ile posibile la institu\u021biile interna\u021bionale, p\u00e2n\u0103 la instan\u021be de judecat\u0103 din Rom\u00e2nia pentru a readuce democra\u021bia la putere. N-am avut sor\u021bi de izb\u00e2nd\u0103, am epuizat toate c\u0103ile. De m\u00e2ine, vom ie\u0219i organizat, iar s\u00e2mb\u0103ta viitoare, la ora 14, \u00een toat\u0103 diaspora \u0219i \u00een fa\u021ba fiec\u0103rei prefecturi vor fi proteste. Dar p\u00e2n\u0103 atunci, a\u0219tept s\u0103 \u00ee\u0219i depun\u0103 demisia Iohannis, iar pre\u0219edintele Senatului poate prelua \u0219efia statului pentru 3 luni. Am cerut colegilor mei, avem un proiect, s\u0103 scoatem CCR din alegerile preziden\u021biale, iar acel aviz al lor s\u0103 fie pur formale. Dar, mai devreme de anul viitor acest proiect nu poate fi f\u0103cut. Cred c\u0103 solu\u021bia este presiunea interne, a\u0219a c\u0103 vom continua protestele. Dar vom continua \u0219i proteste externe. Am avut discu\u021bii cu pre\u0219edinta Italiei, iar zilele viitoare voi avea \u00eent\u00e2lniri cu conservatorii din SUA \u0219i Europa. At\u00e2t intern c\u00e2t \u0219i extern vom pune presiune. Sper\u0103m ca, pe model Cehiei, s\u0103 predea puterea f\u0103r\u0103 v\u0103rsare de s\u00e2nge. Dac\u0103 nu \u00eencep s\u0103 prezinte solu\u021bii, vom trece la fapte. Oamenii lui Soros vor crea o adversitate \u00eentre statele UE \u0219i SUA. Ciolacu a v\u00e2ndut de mult interesele Rom\u00e2niei pentru propriul interes. Am apucat s\u0103 v\u0103d \u00een ultima lun\u0103 c\u0103 suntem \u00eentr-o situa\u021bie delicat\u0103 \u0219i suntem \u00een c\u0103utarea unei contraponderi la Viktor Orban. E singurul dintre cei 27 de lideri UE care a pariat pe Donald Trump. Iohannis \u0219i Ciolacu au avut voie de la Ursula Von der Leyen s\u0103 comaseze alegerile \u0219i s\u0103 fac\u0103 manevre pentru contracararea valului suveranist, ca s\u0103 nu plece de aici valul c\u0103tre Europa. Dac\u0103 aveam mai mul\u021bi parlamentari \u00een UE, atunci nu se mai \u00eent\u00e2mpla a\u0219a ceva\u201d, a declarant George Simion.\u00a0<\/p>","protected":false},"excerpt":{"rendered":"<p>\u201eFoarte mult\u0103 lume a avut emo\u021bii crez\u00e2nd c\u0103 noi, cei de la AUR, vom confisca&hellip;<\/p>\n","protected":false},"author":0,"featured_media":23529,"comment_status":"open","ping_status":"open","sticky":false,"template":"","format":"standard","meta":{"footnotes":""},"categories":[2],"tags":[],"class_list":["post-23530","post","type-post","status-publish","format-standard","has-post-thumbnail","hentry","category-actual"],"_links":{"self":[{"href":"https:\/\/247stiri.ro\/index.php\/wp-json\/wp\/v2\/posts\/23530","targetHints":{"allow":["GET"]}}],"collection":[{"href":"https:\/\/247stiri.ro\/index.php\/wp-json\/wp\/v2\/posts"}],"about":[{"href":"https:\/\/247stiri.ro\/index.php\/wp-json\/wp\/v2\/types\/post"}],"replies":[{"embeddable":true,"href":"https:\/\/247stiri.ro\/index.php\/wp-json\/wp\/v2\/comments?post=23530"}],"version-history":[{"count":0,"href":"https:\/\/247stiri.ro\/index.php\/wp-json\/wp\/v2\/posts\/23530\/revisions"}],"wp:featuredmedia":[{"embeddable":true,"href":"https:\/\/247stiri.ro\/index.php\/wp-json\/wp\/v2\/media\/23529"}],"wp:attachment":[{"href":"https:\/\/247stiri.ro\/index.php\/wp-json\/wp\/v2\/media?parent=23530"}],"wp:term":[{"taxonomy":"category","embeddable":true,"href":"https:\/\/247stiri.ro\/index.php\/wp-json\/wp\/v2\/categories?post=23530"},{"taxonomy":"post_tag","embeddable":true,"href":"https:\/\/247stiri.ro\/index.php\/wp-json\/wp\/v2\/tags?post=23530"}],"curies":[{"name":"wp","href":"https:\/\/api.w.org\/{rel}","templated":true}]}}