{"id":23531,"date":"2025-01-12T20:45:03","date_gmt":"2025-01-12T20:45:03","guid":{"rendered":"https:\/\/247stiri.ro\/index.php\/2025\/01\/12\/convorbirea-anului-2025-donald-trump-si-vladimir-putin-isi-vor-telefona-pe-firul-rosu\/"},"modified":"2025-01-12T20:45:03","modified_gmt":"2025-01-12T20:45:03","slug":"convorbirea-anului-2025-donald-trump-si-vladimir-putin-isi-vor-telefona-pe-firul-rosu","status":"publish","type":"post","link":"https:\/\/247stiri.ro\/index.php\/2025\/01\/12\/convorbirea-anului-2025-donald-trump-si-vladimir-putin-isi-vor-telefona-pe-firul-rosu\/","title":{"rendered":"Convorbirea anului 2025. Donald Trump \u0219i Vladimir Putin \u00ee\u0219i vor telefona pe firul ro\u0219u"},"content":{"rendered":"<p>Inten\u021bia a fost confirmat\u0103 de Mike Waltz, nominalizat de Trump pentru func\u021bia de consilier pentru securitate na\u021bional\u0103.<\/p>\n<p>Oficialul american spune c\u0103 data la care va avea loc convorbire telefonic\u0103 nu a fost stabilit\u0103 \u0219i nici formatul acesteia. Pre\u0219edintele Ucrainei, Volodimir Zelenski, ar putea fi inclus \u00een discu\u021bia celor doi lideri.<\/p>\n<p>\u201eEi bine, nu am stabilit \u00eenc\u0103 cadrul exact pentru asta, lucr\u0103m la asta, dar m\u0103 a\u0219tept la un apel, cel pu\u021bin \u00een zilele \u0219i s\u0103pt\u0103m\u00e2nile urm\u0103toare, a\u0219a c\u0103 ar fi un pas\u201d, a spus Waltz, citat de <a href=\"https:\/\/kyivindependent.com\/trump-putin-call-expected-in-near-future-incoming-national-security-adviser-says\/\" target=\"_blank\">kyivindependent.com<\/a>.<\/p>\n<p>Elve\u021bia s-a oferit s\u0103 medieze o \u00eent\u00e2lnire \u00eentre Donald Trump \u0219i Vladimir Putin, dar deocamdat\u0103 nu este clar dac\u0103 exist\u0103 inten\u021bii pentru discu\u021bii fa\u021b\u0103 \u00een fa\u021b\u0103.<\/p>\n<p>Viitorul consilier american pentru securitate na\u021bional\u0103 a men\u021bionat \u0219i lipsa for\u021bei de munc\u0103 din Ucraina \u0219i a sugerat sc\u0103derea v\u00e2rstei de recrutare \u00een armat\u0103 de la 26 la 18 ani.<\/p>\n<p>\u201eDac\u0103 ucrainenii au cerut \u00eentregii lumi s\u0103 fie cu to\u021bii pentru democra\u021bie, avem nevoie ca ei s\u0103 fie cu to\u021bii pentru democra\u021bie&#8230; Trebuie s\u0103 vedem aceste probleme de for\u021b\u0103 de munc\u0103 abordate\u201d, a mai spus Mike Waltz.<\/p>","protected":false},"excerpt":{"rendered":"<p>Inten\u021bia a fost confirmat\u0103 de Mike Waltz, nominalizat de Trump pentru func\u021bia de consilier pentru&hellip;<\/p>\n","protected":false},"author":0,"featured_media":23519,"comment_status":"open","ping_status":"open","sticky":false,"template":"","format":"standard","meta":{"footnotes":""},"categories":[2],"tags":[],"class_list":["post-23531","post","type-post","status-publish","format-standard","has-post-thumbnail","hentry","category-actual"],"_links":{"self":[{"href":"https:\/\/247stiri.ro\/index.php\/wp-json\/wp\/v2\/posts\/23531","targetHints":{"allow":["GET"]}}],"collection":[{"href":"https:\/\/247stiri.ro\/index.php\/wp-json\/wp\/v2\/posts"}],"about":[{"href":"https:\/\/247stiri.ro\/index.php\/wp-json\/wp\/v2\/types\/post"}],"replies":[{"embeddable":true,"href":"https:\/\/247stiri.ro\/index.php\/wp-json\/wp\/v2\/comments?post=23531"}],"version-history":[{"count":0,"href":"https:\/\/247stiri.ro\/index.php\/wp-json\/wp\/v2\/posts\/23531\/revisions"}],"wp:featuredmedia":[{"embeddable":true,"href":"https:\/\/247stiri.ro\/index.php\/wp-json\/wp\/v2\/media\/23519"}],"wp:attachment":[{"href":"https:\/\/247stiri.ro\/index.php\/wp-json\/wp\/v2\/media?parent=23531"}],"wp:term":[{"taxonomy":"category","embeddable":true,"href":"https:\/\/247stiri.ro\/index.php\/wp-json\/wp\/v2\/categories?post=23531"},{"taxonomy":"post_tag","embeddable":true,"href":"https:\/\/247stiri.ro\/index.php\/wp-json\/wp\/v2\/tags?post=23531"}],"curies":[{"name":"wp","href":"https:\/\/api.w.org\/{rel}","templated":true}]}}