{"id":23541,"date":"2025-01-12T21:45:00","date_gmt":"2025-01-12T21:45:00","guid":{"rendered":"https:\/\/247stiri.ro\/index.php\/2025\/01\/12\/nicusor-dan-considera-ca-anularea-alegerilor-este-un-esec-al-statului-roman-si-cere-explicatii\/"},"modified":"2025-01-12T21:45:00","modified_gmt":"2025-01-12T21:45:00","slug":"nicusor-dan-considera-ca-anularea-alegerilor-este-un-esec-al-statului-roman-si-cere-explicatii","status":"publish","type":"post","link":"https:\/\/247stiri.ro\/index.php\/2025\/01\/12\/nicusor-dan-considera-ca-anularea-alegerilor-este-un-esec-al-statului-roman-si-cere-explicatii\/","title":{"rendered":"Nicu\u0219or Dan consider\u0103 c\u0103 anularea alegerilor este un e\u0219ec al statului rom\u00e2n \u0219i cere explica\u021bii"},"content":{"rendered":"<p>De asemenea, el crede c\u0103 \u201ea fost o influen\u021b\u0103 a Rusiei\u201d \u0219i c\u0103 \u201eoamenii l-au folosit pe\u00a0C\u0103lin Georgescu pentru a da o palm\u0103 clasei politice\u201d.<\/p>\n<p>\u201eOamenii au dreptate s\u0103 \u00eentrebe care au fost motivele, care sunt rezultatele anchetelor. P\u00e2n\u0103 acum nu s-a dovedit nimic. Faptul c\u0103 am ajuns s\u0103 avem o anulare de alegeri e evident un e\u0219ec al institu\u021biilor statului \u0219i aici vorbim de servicii, Parchet, Autoritatea Electoral\u0103, eventual de ANAF, nu \u0219tiu, \u0219i evident de pre\u0219edintele Rom\u00e2niei.<\/p>\n<p>CCR a dat aceast\u0103 decizie, acum e extrem de important ca aceste institu\u021bii s\u0103 l\u0103mureasc\u0103, pentru c\u0103 altfel o s\u0103 scad\u0103 foarte mult \u00eencrederea \u00een institu\u021biile statului. Institu\u021bia asta a alegerii e cea mai important\u0103 institu\u021bie a democra\u021biei\u201d, a declarat Nicu\u0219or Dan.<\/p>\n<p>\u00cen opinia lui data alegerilor trebuia fixat\u0103 \u00een func\u021bie de r\u0103spunsul autorit\u0103\u021bilor la \u00eentrebarea \u201ec\u00e2nd vom l\u0103muri rezultatul alegerilor\u201d.<\/p>\n<p>\u201eM\u0103sura anul\u0103rii a fost justificat\u0103 de o chestiune financiar\u0103\u201d<\/p>\n<p>\u201eSunt informa\u021bii pe care nu le am \u0219i poate c\u0103 premierul, fiind parte a CSAT, poate c\u0103 are ni\u0219te informa\u021bii. Eu cred c\u0103 data trebuia fixat\u0103 \u00een func\u021bie de r\u0103spunsul autorit\u0103\u021bilor la \u00eentrebarea \u201ec\u00e2nd vom l\u0103muri rezultatul alegerilor\u201d, pentru c\u0103, \u00een opinia mea, \u0219i pentru sus\u021bin\u0103torii lui C\u0103lin Georgescu sau acestui curent populist izola\u021bionist, e important ca la \u00eenceputul campaniei s\u0103 \u0219tie dac\u0103 are dreptul s\u0103 candideze, adic\u0103 s\u0103 nu se apuce s\u0103 str\u00e2ng\u0103 semn\u0103turi degeaba.<\/p>\n<p>E cel mai important c\u00e2nd \u00eencepem campania s\u0103 \u0219tim c\u0103 am \u00eenchis situa\u021bia. Depinde de informa\u021biile, de analiza complet\u0103 pe care institu\u021biile trebuie s\u0103 ni le dea. Pentru moment, m\u0103sura anul\u0103rii a fost justificat\u0103 de o chestiune financiar\u0103, \u00een sensul c\u0103 avem un candidat care a declarat zero lei \u0219i am v\u0103zut oameni pl\u0103ti\u021bi cu sute de mii de euro care i-au f\u0103cut campanie, am v\u0103zut multe filmule\u021be care \u0219tim c\u0103 cost\u0103 \u0219i tocmai \u0103sta e r\u0103spunsul, s\u0103 l\u0103murim c\u00e2t a costat aceast\u0103 campanie\u201d, a mai ad\u0103ugat Dan.<\/p>\n<p>De asemenea, a mai explicat c\u0103 \u201etrebuie s\u0103 \u0219tim c\u00e2t mai repede dac\u0103 mai poate candida C\u0103lin Georgescu.<\/p>\n<p>\u201eTrebuie s\u0103 ne spun\u0103 CCR dac\u0103 mai poate candida C\u0103lin Georgescu, dar e bine s\u0103 \u0219tim c\u00e2t mai repede. Legat de Diana \u0218o\u0219oac\u0103, pentru c\u0103 am citit hot\u0103r\u00e2rea CCR, \u00een opinia mea, decizia este juridic corect\u0103 \u00een sensul c\u0103 CCR avea \u0219i atribu\u021bia \u0219i normele legale pentru a o exclude, \u00eens\u0103 sistemul legislativ care a permis CCR s\u0103 fac\u0103 asta nu e unul corect, pentru c\u0103 oricine vrea s\u0103 candideze \u0219i are o opinie fa\u021b\u0103 de cum vrea s\u0103 se desf\u0103\u0219oare lucrurile \u00een Rom\u00e2nia, dac\u0103 opinia asta nu afecteaz\u0103 chestiuni fundamentale, adic\u0103 democra\u021bia \u00eens\u0103\u0219i, are dreptul s\u0103 candideze\u201d, a mai spus candidatul independent la preziden\u021biale.\u00a0<\/p>\n<p>Trebuie dovedit dac\u0103 a fost o influen\u021b\u0103 a Rusiei<\/p>\n<p>Totodat\u0103, Nicu\u0219or Dan crede c\u0103 \u201ea fost o influen\u021b\u0103 a Rusiei\u201d.<\/p>\n<p>\u201eEu \u00eenclin s\u0103 cred c\u0103 a fost o influen\u021b\u0103 a Rusiei. Ceea ce eu cred e c\u0103 exist\u0103 o re\u021bea de site-uri, de mici reviste online care se promoveaz\u0103 \u00eentre ele \u0219i care promoveaz\u0103 narativul Rusiei. Trebuie dovedit dac\u0103 aceast\u0103 re\u021bea \u00een mod organic sau pl\u0103tit a ajutat campania lui C\u0103lin Georgescu.<\/p>\n<p>Nu cred c\u0103 exist\u0103 persoane care s\u0103 aib\u0103 politica drept lobby \u0219i s\u0103 pl\u0103teasc\u0103 sute de mii de euro s\u0103 sprijine un candidat, cum s-a dovedit c\u0103 s-a \u00eent\u00e2mplat. Eu nu cred c\u0103 exist\u0103 astfel de gesturi gratuite\u201d, a mai afirmat Dan.<\/p>\n<p>C\u0103lin Georgescu este un instrument de r\u0103zbunare al rom\u00e2nilor<\/p>\n<p>El a mai afirmat c\u0103 Georgescu e un instrument folosit de oamenii nemul\u021bumi\u021bi pentru a da o palm\u0103 clasei politice vechi.<\/p>\n<p>\u201eCred c\u0103 \u00een spatele lui Georgescu sunt mul\u021bi oameni nemul\u021bumi\u021bi de direc\u021bia statului, de faptul c\u0103 nu se mai pot face combina\u021biile care se f\u0103ceau \u00eenainte, de\u0219i se fac multe combina\u021bii. Mai departe de ce C\u0103lin Georgescu are un vot a\u0219a de mare, de ce are \u0219i mai mul\u021bi sus\u021bin\u0103tori acum? Pentru c\u0103 exist\u0103 o profund\u0103 nemul\u021bumire fa\u021b\u0103 de clasa politic\u0103 \u0219i pe aceast\u0103 uria\u0219\u0103 nemul\u021bumire, pe toate palierele, de cum func\u021bioneaz\u0103 \u0219colile, spitalele, corup\u021bie, \u0219i pe aceast\u0103 nemul\u021bumire general\u0103, cu o campanie foarte inteligent\u0103 \u0219i costisitoare a ap\u0103rut un personaj \u0219i oamenii nu-l voteaz\u0103 neap\u0103rat pe C\u0103lin Georgescu.<\/p>\n<p>\u0218i-au g\u0103sit un instrument pentru a da o palm\u0103 clasei politice vechi. Eu n-am pus aceast\u0103 \u00eentrebare, \u00eens\u0103 \u00eenclin s\u0103 cred ce am citit \u00een pres\u0103, c\u0103 oamenii care consider\u0103 c\u0103 decizia CCR nu e motivat\u0103 corect de fapte, sunt cam dou\u0103 treimi din popula\u021bie. E uria\u0219. \u00centre ei sunt \u0219i mul\u021bi oameni care n-au votat cu C\u0103lin Georgescu, dar spun c\u0103 vor o explica\u021bie\u201d, a conchis Nicu\u0219or Dan.<\/p>","protected":false},"excerpt":{"rendered":"<p>De asemenea, el crede c\u0103 \u201ea fost o influen\u021b\u0103 a Rusiei\u201d \u0219i c\u0103 \u201eoamenii l-au&hellip;<\/p>\n","protected":false},"author":0,"featured_media":23537,"comment_status":"open","ping_status":"open","sticky":false,"template":"","format":"standard","meta":{"footnotes":""},"categories":[2],"tags":[],"class_list":["post-23541","post","type-post","status-publish","format-standard","has-post-thumbnail","hentry","category-actual"],"_links":{"self":[{"href":"https:\/\/247stiri.ro\/index.php\/wp-json\/wp\/v2\/posts\/23541","targetHints":{"allow":["GET"]}}],"collection":[{"href":"https:\/\/247stiri.ro\/index.php\/wp-json\/wp\/v2\/posts"}],"about":[{"href":"https:\/\/247stiri.ro\/index.php\/wp-json\/wp\/v2\/types\/post"}],"replies":[{"embeddable":true,"href":"https:\/\/247stiri.ro\/index.php\/wp-json\/wp\/v2\/comments?post=23541"}],"version-history":[{"count":0,"href":"https:\/\/247stiri.ro\/index.php\/wp-json\/wp\/v2\/posts\/23541\/revisions"}],"wp:featuredmedia":[{"embeddable":true,"href":"https:\/\/247stiri.ro\/index.php\/wp-json\/wp\/v2\/media\/23537"}],"wp:attachment":[{"href":"https:\/\/247stiri.ro\/index.php\/wp-json\/wp\/v2\/media?parent=23541"}],"wp:term":[{"taxonomy":"category","embeddable":true,"href":"https:\/\/247stiri.ro\/index.php\/wp-json\/wp\/v2\/categories?post=23541"},{"taxonomy":"post_tag","embeddable":true,"href":"https:\/\/247stiri.ro\/index.php\/wp-json\/wp\/v2\/tags?post=23541"}],"curies":[{"name":"wp","href":"https:\/\/api.w.org\/{rel}","templated":true}]}}