{"id":23551,"date":"2025-01-13T05:44:49","date_gmt":"2025-01-13T05:44:49","guid":{"rendered":"https:\/\/247stiri.ro\/index.php\/2025\/01\/13\/luptatorii-pentru-libertate-alaturi-de-realitatea-plus-televiziunea-poporului-bruiata-si-sabotata-de-concurenta-in-ziua-protestului-video\/"},"modified":"2025-01-13T05:44:49","modified_gmt":"2025-01-13T05:44:49","slug":"luptatorii-pentru-libertate-alaturi-de-realitatea-plus-televiziunea-poporului-bruiata-si-sabotata-de-concurenta-in-ziua-protestului-video","status":"publish","type":"post","link":"https:\/\/247stiri.ro\/index.php\/2025\/01\/13\/luptatorii-pentru-libertate-alaturi-de-realitatea-plus-televiziunea-poporului-bruiata-si-sabotata-de-concurenta-in-ziua-protestului-video\/","title":{"rendered":"Lupt\u0103torii pentru libertate, al\u0103turi de Realitatea PLUS. Televiziunea poporului, bruiat\u0103 \u0219i sabotat\u0103 de concuren\u021b\u0103, \u00een ziua protestului\u00a0&#8211; VIDEO"},"content":{"rendered":"<p>Oamenii care au ie\u0219it s\u0103-\u0219i rec\u00e2\u0219tige drepturile c\u0103lcate \u00een picioare au scandat mesaje de sus\u021binere pentru postul nostru, care a fost bruiat \u0219i sabotat de concuren\u021b\u0103 \u00een ziua marelui protest.\u00a0<\/p>\n<p>S\u0103 \u00eei ascultam!\u00a0<\/p>","protected":false},"excerpt":{"rendered":"<p>Oamenii care au ie\u0219it s\u0103-\u0219i rec\u00e2\u0219tige drepturile c\u0103lcate \u00een picioare au scandat mesaje de sus\u021binere&hellip;<\/p>\n","protected":false},"author":0,"featured_media":23552,"comment_status":"open","ping_status":"open","sticky":false,"template":"","format":"standard","meta":{"footnotes":""},"categories":[2],"tags":[],"class_list":["post-23551","post","type-post","status-publish","format-standard","has-post-thumbnail","hentry","category-actual"],"_links":{"self":[{"href":"https:\/\/247stiri.ro\/index.php\/wp-json\/wp\/v2\/posts\/23551","targetHints":{"allow":["GET"]}}],"collection":[{"href":"https:\/\/247stiri.ro\/index.php\/wp-json\/wp\/v2\/posts"}],"about":[{"href":"https:\/\/247stiri.ro\/index.php\/wp-json\/wp\/v2\/types\/post"}],"replies":[{"embeddable":true,"href":"https:\/\/247stiri.ro\/index.php\/wp-json\/wp\/v2\/comments?post=23551"}],"version-history":[{"count":0,"href":"https:\/\/247stiri.ro\/index.php\/wp-json\/wp\/v2\/posts\/23551\/revisions"}],"wp:featuredmedia":[{"embeddable":true,"href":"https:\/\/247stiri.ro\/index.php\/wp-json\/wp\/v2\/media\/23552"}],"wp:attachment":[{"href":"https:\/\/247stiri.ro\/index.php\/wp-json\/wp\/v2\/media?parent=23551"}],"wp:term":[{"taxonomy":"category","embeddable":true,"href":"https:\/\/247stiri.ro\/index.php\/wp-json\/wp\/v2\/categories?post=23551"},{"taxonomy":"post_tag","embeddable":true,"href":"https:\/\/247stiri.ro\/index.php\/wp-json\/wp\/v2\/tags?post=23551"}],"curies":[{"name":"wp","href":"https:\/\/api.w.org\/{rel}","templated":true}]}}