{"id":23553,"date":"2025-01-13T05:44:50","date_gmt":"2025-01-13T05:44:50","guid":{"rendered":"https:\/\/247stiri.ro\/index.php\/2025\/01\/13\/agricultorii-afectati-de-ordonanta-austeritatii-oamenii-sunt-extrem-de-nemultumiti-vor-aduce-tara-in-colaps\/"},"modified":"2025-01-13T05:44:50","modified_gmt":"2025-01-13T05:44:50","slug":"agricultorii-afectati-de-ordonanta-austeritatii-oamenii-sunt-extrem-de-nemultumiti-vor-aduce-tara-in-colaps","status":"publish","type":"post","link":"https:\/\/247stiri.ro\/index.php\/2025\/01\/13\/agricultorii-afectati-de-ordonanta-austeritatii-oamenii-sunt-extrem-de-nemultumiti-vor-aduce-tara-in-colaps\/","title":{"rendered":"Agricultorii, afecta\u021bi de ordonan\u021ba austerit\u0103\u021bii. Oamenii sunt extrem de nemul\u021bumi\u021bi: &#8222;Vor aduce \u021bara \u00een colaps&#8221;"},"content":{"rendered":"<p>Fermierii se tem c\u0103 din cauza noilor taxe impuse, care \u00eei pun \u00een dificultate, mul\u021bi dintre ei vor fi nevoi\u021bi s\u0103 renun\u021be la afacerile de care se ocup\u0103 \u0219i vor opta s\u0103 lucreze \u00een str\u0103in\u0103tate.<\/p>\n<p>&#8222;Daca mai vii si cu astfel de impozite pe hale, pe stalp mai stii eu pe ce vor mai fi, nu ne va duce niciunde. Din contra, va aduce tara in colaps in loc sa vina cu investitii, cu suport, cu sprijin&#8221;, spune un agricultor.\u00a0<\/p>\n<p>\u00cen plus, agricultorii sper\u0103 c\u0103 vor reu\u0219i s\u0103 le ofere angaja\u021bilor cel pu\u021bin acela\u0219i salariu ca p\u00e2n\u0103 acum pentru a nu fi cazul s\u0103 recurg\u0103 la disponibiliz\u0103ri.<\/p>\n<p>&#8222;Inseamna ca in felul asta ne vor creste cheltuielile, iar noi vom fi usor-usor decapitalizati in aceasta situatie. Eu vorbesc in cazul agricultorilor. Noi n-avem posibilitatea sa marim pretul de vanzare&#8221;, a afirmat acesta.<\/p>\n<p>M\u0103surile luate de stat se suprapun cu perioadele dificile de secet\u0103 care au distrus culturile. Din aceste motive, exper\u021bii spun c\u0103 pre\u021bul m\u00e2nc\u0103rii va ajunge la noi maxime istorice.\u00a0<\/p>","protected":false},"excerpt":{"rendered":"<p>Fermierii se tem c\u0103 din cauza noilor taxe impuse, care \u00eei pun \u00een dificultate, mul\u021bi&hellip;<\/p>\n","protected":false},"author":0,"featured_media":23554,"comment_status":"open","ping_status":"open","sticky":false,"template":"","format":"standard","meta":{"footnotes":""},"categories":[2],"tags":[],"class_list":["post-23553","post","type-post","status-publish","format-standard","has-post-thumbnail","hentry","category-actual"],"_links":{"self":[{"href":"https:\/\/247stiri.ro\/index.php\/wp-json\/wp\/v2\/posts\/23553","targetHints":{"allow":["GET"]}}],"collection":[{"href":"https:\/\/247stiri.ro\/index.php\/wp-json\/wp\/v2\/posts"}],"about":[{"href":"https:\/\/247stiri.ro\/index.php\/wp-json\/wp\/v2\/types\/post"}],"replies":[{"embeddable":true,"href":"https:\/\/247stiri.ro\/index.php\/wp-json\/wp\/v2\/comments?post=23553"}],"version-history":[{"count":0,"href":"https:\/\/247stiri.ro\/index.php\/wp-json\/wp\/v2\/posts\/23553\/revisions"}],"wp:featuredmedia":[{"embeddable":true,"href":"https:\/\/247stiri.ro\/index.php\/wp-json\/wp\/v2\/media\/23554"}],"wp:attachment":[{"href":"https:\/\/247stiri.ro\/index.php\/wp-json\/wp\/v2\/media?parent=23553"}],"wp:term":[{"taxonomy":"category","embeddable":true,"href":"https:\/\/247stiri.ro\/index.php\/wp-json\/wp\/v2\/categories?post=23553"},{"taxonomy":"post_tag","embeddable":true,"href":"https:\/\/247stiri.ro\/index.php\/wp-json\/wp\/v2\/tags?post=23553"}],"curies":[{"name":"wp","href":"https:\/\/api.w.org\/{rel}","templated":true}]}}