{"id":23563,"date":"2025-01-13T06:46:41","date_gmt":"2025-01-13T06:46:41","guid":{"rendered":"https:\/\/247stiri.ro\/index.php\/2025\/01\/13\/folosirea-telefonului-in-mod-abuziv-poate-duce-la-boli-grave-medicului-vlad-ciurea-despre-cazul-unui-pacient-avea-tumora-cerebrala\/"},"modified":"2025-01-13T06:46:41","modified_gmt":"2025-01-13T06:46:41","slug":"folosirea-telefonului-in-mod-abuziv-poate-duce-la-boli-grave-medicului-vlad-ciurea-despre-cazul-unui-pacient-avea-tumora-cerebrala","status":"publish","type":"post","link":"https:\/\/247stiri.ro\/index.php\/2025\/01\/13\/folosirea-telefonului-in-mod-abuziv-poate-duce-la-boli-grave-medicului-vlad-ciurea-despre-cazul-unui-pacient-avea-tumora-cerebrala\/","title":{"rendered":"Folosirea telefonului \u00een mod abuziv poate duce la BOLI GRAVE. Medicului Vlad Ciurea, despre cazul unui pacient: &#8222;Avea tumor\u0103 cerebral\u0103&#8221;"},"content":{"rendered":"<p>Boala grav\u0103 pe care o poate cauza folosirea \u00eendelungat\u0103 a telefonului mobil<\/p>\n<p>Vlad Ciurea, celebrul medic a vorbit de mai multe ori despre obiceiurile care d\u0103uneaz\u0103 creierului uman. De aceast\u0103 dat\u0103, \u00een cadrul podcastului g\u0103zduit de C\u0103t\u0103lin M\u0103ru\u021b\u0103, specialistul a explicat c\u00e2t de nociv poate fi telefonul mobil atunci c\u00e2nd este utilizat abuziv.<\/p>\n<p>Chiar dac\u0103 \u00een perioada contemporan\u0103, telefonul mobil a devenit indispensabil, trebuie s\u0103 \u0219ti\u021bi c\u0103 folosirea lui \u00een mod excesiv poate cauza boli grave. Medicul a \u00eemp\u0103rt\u0103\u0219it \u00eent\u00e2mplarea unuia dintre pacien\u021bii s\u0103i, care avea obiceiul s\u0103 vorbeasc\u0103 mai multe ori pe zi la telefon.<\/p>\n<p>Individul \u021binea smartphone-ul pe partea dreapt\u0103, iar acest lucru a dus la diagnosticarea sa cu tumor\u0103. \u00cen ciuda acestor lucruri, Vlad Ciurea spune c\u0103 acest dispozitiv este un \u201er\u0103u necesar\u201d \u0219i nu poate fi eliminat din via\u021ba de zi cu zi \u00een totalitate. Totu\u0219i, el recomand\u0103 folosirea lui cu modera\u021bie.<\/p>\n<p class=\"svelte-uzyam9\">\u00a0\u201eEste un r\u0103u necesar, ca \u0219i automobilul. Este la fel. Ca \u0219i c\u0103\u0219tile, ca \u0219i microfonul, ca \u0219i tot. Dar totul cu m\u0103sur\u0103. Este bine s\u0103 folosim telefonul. Este bine, dar nu s\u0103 vorbim ore \u0219i ore.<\/p>\n<p class=\"svelte-uzyam9\">Am avut un caz, din T\u00e2rgovi\u0219te, un domn super milionar, care \u00eencontinuu vorbind la telefon, mai multe pe st\u00e2nga, cu dreapta scria. Dup\u0103 vreo 12 ani de activit\u0103\u021bi, construc\u021bii, nu \u0219tiu ce, a venit la mine.<\/p>\n<p class=\"svelte-uzyam9\">\u0218i zic: \u2018Ce s-a \u00eent\u00e2mplat? Dumneavoastr\u0103 vorbi\u021bi pe telefon?\u2019 Zice: \u2018Da\u2019. \u2018Pe urechea st\u00e2ng\u0103\u2019\u00a0 Zice: \u2018Da\u2019\u201d, a m\u0103rturisit medicul despre pacientul s\u0103u.<\/p>\n<p class=\"svelte-uzyam9\">Rezultatul analizelor a dovedit pericolul la care ne expune, de fapt, telefonul.\u00a0<\/p>\n<p class=\"svelte-uzyam9\">\u00a0\u201eAvea tumor\u0103 cerebral\u0103 pe partea st\u00e2ng\u0103\u201d, a spus medicul Vlad Ciurea \u00een podcastul lui M\u0103ru\u021b\u0103.<\/p>\n<p class=\"svelte-uzyam9\">Surs\u0103 text: <a href=\"https:\/\/click.ro\/primetime\/boala-grava-provocata-de-folosirea-telefonului-in-2414196.html\" target=\"_blank\">Click.ro<\/a>\u00a0<\/p>","protected":false},"excerpt":{"rendered":"<p>Boala grav\u0103 pe care o poate cauza folosirea \u00eendelungat\u0103 a telefonului mobil Vlad Ciurea, celebrul&hellip;<\/p>\n","protected":false},"author":0,"featured_media":23564,"comment_status":"open","ping_status":"open","sticky":false,"template":"","format":"standard","meta":{"footnotes":""},"categories":[8],"tags":[],"class_list":["post-23563","post","type-post","status-publish","format-standard","has-post-thumbnail","hentry","category-lifestyle"],"_links":{"self":[{"href":"https:\/\/247stiri.ro\/index.php\/wp-json\/wp\/v2\/posts\/23563","targetHints":{"allow":["GET"]}}],"collection":[{"href":"https:\/\/247stiri.ro\/index.php\/wp-json\/wp\/v2\/posts"}],"about":[{"href":"https:\/\/247stiri.ro\/index.php\/wp-json\/wp\/v2\/types\/post"}],"replies":[{"embeddable":true,"href":"https:\/\/247stiri.ro\/index.php\/wp-json\/wp\/v2\/comments?post=23563"}],"version-history":[{"count":0,"href":"https:\/\/247stiri.ro\/index.php\/wp-json\/wp\/v2\/posts\/23563\/revisions"}],"wp:featuredmedia":[{"embeddable":true,"href":"https:\/\/247stiri.ro\/index.php\/wp-json\/wp\/v2\/media\/23564"}],"wp:attachment":[{"href":"https:\/\/247stiri.ro\/index.php\/wp-json\/wp\/v2\/media?parent=23563"}],"wp:term":[{"taxonomy":"category","embeddable":true,"href":"https:\/\/247stiri.ro\/index.php\/wp-json\/wp\/v2\/categories?post=23563"},{"taxonomy":"post_tag","embeddable":true,"href":"https:\/\/247stiri.ro\/index.php\/wp-json\/wp\/v2\/tags?post=23563"}],"curies":[{"name":"wp","href":"https:\/\/api.w.org\/{rel}","templated":true}]}}