{"id":23601,"date":"2025-01-13T07:45:54","date_gmt":"2025-01-13T07:45:54","guid":{"rendered":"https:\/\/247stiri.ro\/index.php\/2025\/01\/13\/soferita-care-a-ucis-4-muncitori-la-iasi-condamnata-la-24-de-ani-de-inchisoare-va-deranjeaza-asa-mult-zambetul-meu\/"},"modified":"2025-01-13T07:45:54","modified_gmt":"2025-01-13T07:45:54","slug":"soferita-care-a-ucis-4-muncitori-la-iasi-condamnata-la-24-de-ani-de-inchisoare-va-deranjeaza-asa-mult-zambetul-meu","status":"publish","type":"post","link":"https:\/\/247stiri.ro\/index.php\/2025\/01\/13\/soferita-care-a-ucis-4-muncitori-la-iasi-condamnata-la-24-de-ani-de-inchisoare-va-deranjeaza-asa-mult-zambetul-meu\/","title":{"rendered":"\u0218oferi\u021ba care a ucis 4 muncitori la Ia\u0219i, condamnat\u0103 la 24 de ani de \u00eenchisoare: \u201eV\u0103 deranjeaz\u0103 a\u0219a mult z\u00e2mbetul meu?\u201d"},"content":{"rendered":"<p>Adina Ghervase, acuzat\u0103 de s\u0103v\u00e2r\u015firea infrac\u0163iunii de omor calificat, pentru c\u0103 a condus cu vitez\u0103 excesiv\u0103 pe str\u0103zile Ia\u0219iului, a pierdut controlul autoturismului marca Alfa Romeo \u015fi a intrat \u00eentr-un grup de muncitori, omor\u00e2nd patru dintre ei, a fost condamnat\u0103 la 24 de ani de \u00eenchisoare pentru omor calificat \u00een circumstan\u021be agravante, tentativ\u0103 la omor calificat \u0219i conducerea unui autovehicul sub influen\u021ba alcoolului.<\/p>\n<p>Sentin\u021ba nu este definitiv\u0103, cazul urm\u00e2nd s\u0103 ajung\u0103 la instan\u021ba de apel.<\/p>\n<p>Judec\u0103torii au re\u021binut \u0219i \u00a0comportamentul ciudat al inculpatei \u00een timpul procedurilor judiciare.<\/p>\n<p>\u201dA doua zi dup\u0103 accident, p\u0103r\u0103sise spitalul descul\u021b\u0103, fiind depistat\u0103 pe c\u00e2nd se plimba \u00een parcul din fa\u021ba Teatrului Na\u021bional. \u00cen iulie 2022, la o lun\u0103 dup\u0103 arestare, spusese la audieri c\u0103 are 26 de ani (de fapt, avea 39 de ani, n.r.), c\u0103 nu are copii (de fapt, are doi, n.r.), c\u0103 este student\u0103 \u0219i locuie\u0219te la c\u0103min, afirm\u00e2nd c\u0103 nu este arestat\u0103. La \u00eenceputul lui august, a spus c\u0103 nu \u00ee\u0219i aminte\u0219te ce s-a \u00eent\u00e2mplat, iar la un alt termen, c\u0103 refuz\u0103 s\u0103 dea declara\u021bii \u00een cauz\u0103 pentru c\u0103 nu vrea \u201es\u0103 inventeze pove\u0219ti\u201d. A cerut efectuarea unei noi expertize privind modul de producere a accidentului, dup\u0103 care a renun\u021bat la solicitare. Expertiza psihiatric\u0103 a stabilit \u00eens\u0103 c\u0103 femeia avusese discern\u0103m\u00e2nt la data comiterii faptelor. Lipsa de empatie \u0219i chiar atitudinea sfid\u0103toare au fost remarcate de judec\u0103tori \u0219i re\u021binute \u00een evaluarea final\u0103. Chiar \u0219i atunci c\u00e2nd i s-a atras aten\u021bia s\u0103 \u00ee\u0219i modereze comportamentul, r\u0103spunsul s\u0103u neadecvat \u2013 \u00abV\u0103 deranjeaz\u0103 a\u0219a mult z\u00e2mbetul meu? Nu pute\u0163i s\u0103 v\u0103 \u0163ine\u0163i \u015fedin\u0163a?\u00bb \u2013 a continuat s\u0103 sublinieze aceea\u0219i atitudine nefireasc\u0103, neadecvat\u0103 \u0219i imatur\u0103\u201d, arat\u0103 ziaruldeiasi.ro.<\/p>\n<p>Cum s-a produs tragedia \u00een care au murit 4 oameni<\/p>\n<p>Filmul tragediei petrecute la Ia\u015fi a \u00eenceput joi, 16 iunie 2022, pu\u0163in \u00eenainte de miezul nop\u0163ii, atunci c\u00e2nd \u015foferi\u0163a care urma s\u0103 devin\u0103 vinovat\u0103 pentru moartea a patru persoane a fost v\u0103zut\u0103 de c\u0103tre vecini plec\u00e2nd de acas\u0103 sub influen\u0163a b\u0103uturilor alcoolice.\u00a0<\/p>\n<p>Adina Ghirvase (39 ani) s-a urcat la volanul autoturismului Alfa Romeo \u015fi a \u00eenceput s\u0103 goneasc\u0103 pe str\u0103zile ora\u015fului cu vitez\u0103 extrem de mare, dup\u0103 cum relateaz\u0103 martorii \u015fi dup\u0103 cum se observ\u0103 pe camerele de supraveghere de pe traseu.\u00a0<\/p>\n<p>\u015eoferi\u0163a se \u00eendrepta \u00een tromb\u0103 pe \u015foseaua din cartierul P\u0103curari spre centrul ora\u015fului, fiind la mai pu\u0163in de 1 kilometru de Biblioteca Central\u0103 Universitar\u0103.\u00a0<\/p>\n<p>Ajuns\u0103 \u00eentr-o curb\u0103 \u015fi cu drumul \u00eengust\u00e2ndu-se tot mai mult, femeia a pierdut controlul volanului, s-a izbit de o cl\u0103dire de pe marginea drumului \u015fi a rico\u015fat \u00eentr-un grup de muncitori de la Citadin, firm\u0103 din subordinea Prim\u0103riei.<\/p>\n<p>Ace\u015ftia asfaltau \u00een jurul unei guri de canal, astfel de interven\u0163ii f\u0103c\u00e2ndu-se \u00een general \u00een timpul nop\u0163ii, pentru a nu \u00eencurca traficul. Zona era semnalizat\u0103 cu popici specifici, iar girofarul autoutilitarei era aprins, a spus unul dintre supravie\u0163uitori.<\/p>","protected":false},"excerpt":{"rendered":"<p>Adina Ghervase, acuzat\u0103 de s\u0103v\u00e2r\u015firea infrac\u0163iunii de omor calificat, pentru c\u0103 a condus cu vitez\u0103&hellip;<\/p>\n","protected":false},"author":0,"featured_media":23602,"comment_status":"open","ping_status":"open","sticky":false,"template":"","format":"standard","meta":{"footnotes":""},"categories":[2],"tags":[],"class_list":["post-23601","post","type-post","status-publish","format-standard","has-post-thumbnail","hentry","category-actual"],"_links":{"self":[{"href":"https:\/\/247stiri.ro\/index.php\/wp-json\/wp\/v2\/posts\/23601","targetHints":{"allow":["GET"]}}],"collection":[{"href":"https:\/\/247stiri.ro\/index.php\/wp-json\/wp\/v2\/posts"}],"about":[{"href":"https:\/\/247stiri.ro\/index.php\/wp-json\/wp\/v2\/types\/post"}],"replies":[{"embeddable":true,"href":"https:\/\/247stiri.ro\/index.php\/wp-json\/wp\/v2\/comments?post=23601"}],"version-history":[{"count":0,"href":"https:\/\/247stiri.ro\/index.php\/wp-json\/wp\/v2\/posts\/23601\/revisions"}],"wp:featuredmedia":[{"embeddable":true,"href":"https:\/\/247stiri.ro\/index.php\/wp-json\/wp\/v2\/media\/23602"}],"wp:attachment":[{"href":"https:\/\/247stiri.ro\/index.php\/wp-json\/wp\/v2\/media?parent=23601"}],"wp:term":[{"taxonomy":"category","embeddable":true,"href":"https:\/\/247stiri.ro\/index.php\/wp-json\/wp\/v2\/categories?post=23601"},{"taxonomy":"post_tag","embeddable":true,"href":"https:\/\/247stiri.ro\/index.php\/wp-json\/wp\/v2\/tags?post=23601"}],"curies":[{"name":"wp","href":"https:\/\/api.w.org\/{rel}","templated":true}]}}