{"id":23620,"date":"2025-01-13T08:45:14","date_gmt":"2025-01-13T08:45:14","guid":{"rendered":"https:\/\/247stiri.ro\/index.php\/2025\/01\/13\/sedinta-cruciala-pentru-banii-romanilor-coalitia-decide-cum-se-impart-fondurile-pana-la-finalul-anului\/"},"modified":"2025-01-13T08:45:14","modified_gmt":"2025-01-13T08:45:14","slug":"sedinta-cruciala-pentru-banii-romanilor-coalitia-decide-cum-se-impart-fondurile-pana-la-finalul-anului","status":"publish","type":"post","link":"https:\/\/247stiri.ro\/index.php\/2025\/01\/13\/sedinta-cruciala-pentru-banii-romanilor-coalitia-decide-cum-se-impart-fondurile-pana-la-finalul-anului\/","title":{"rendered":"\u0218edin\u021b\u0103 crucial\u0103 pentru banii rom\u00e2nilor: Coali\u021bia decide cum se \u00eempart fondurile p\u00e2n\u0103 la finalul anului"},"content":{"rendered":"<p>Ast\u0103zi, coali\u021bia de guvernare se reune\u0219te \u00eentr-o \u0219edin\u021b\u0103 decisiv\u0103 pentru a discuta despre alocarea resurselor financiare ale Rom\u00e2niei p\u00e2n\u0103 la sf\u00e2r\u0219itul acestui an. Decizia vine \u00eentr-un context economic dificil, marcat de un deficit bugetar uria\u0219 de 8,6% \u0219i o datorie public\u0103 \u00een cre\u0219tere, care a impus m\u0103suri de austeritate precum \u00eenghe\u021barea pensiilor \u0219i salariilor \u00een sectorul public.<\/p>\n<p>Guvernan\u021bii se confrunt\u0103 cu o situa\u021bie economic\u0103 complicat\u0103, cauzat\u0103 de cheltuieli mari \u0219i venituri insuficiente. \u00cen aceste condi\u021bii, m\u0103surile de \u00eenghe\u021bare a pensiilor \u0219i salariilor au fost adoptate pentru a evita o criz\u0103 financiar\u0103 mai grav\u0103, \u00eens\u0103 ele au st\u00e2rnit nemul\u021bumiri \u00een r\u00e2ndul popula\u021biei.<\/p>\n<p>Sindicatele \u0219i reprezentan\u021bii pensionarilor au criticat dur aceast\u0103 m\u0103sur\u0103, consider\u00e2nd-o nedreapt\u0103 pentru categoriile vulnerabile.<\/p>","protected":false},"excerpt":{"rendered":"<p>Ast\u0103zi, coali\u021bia de guvernare se reune\u0219te \u00eentr-o \u0219edin\u021b\u0103 decisiv\u0103 pentru a discuta despre alocarea resurselor&hellip;<\/p>\n","protected":false},"author":0,"featured_media":23615,"comment_status":"open","ping_status":"open","sticky":false,"template":"","format":"standard","meta":{"footnotes":""},"categories":[2],"tags":[],"class_list":["post-23620","post","type-post","status-publish","format-standard","has-post-thumbnail","hentry","category-actual"],"_links":{"self":[{"href":"https:\/\/247stiri.ro\/index.php\/wp-json\/wp\/v2\/posts\/23620","targetHints":{"allow":["GET"]}}],"collection":[{"href":"https:\/\/247stiri.ro\/index.php\/wp-json\/wp\/v2\/posts"}],"about":[{"href":"https:\/\/247stiri.ro\/index.php\/wp-json\/wp\/v2\/types\/post"}],"replies":[{"embeddable":true,"href":"https:\/\/247stiri.ro\/index.php\/wp-json\/wp\/v2\/comments?post=23620"}],"version-history":[{"count":0,"href":"https:\/\/247stiri.ro\/index.php\/wp-json\/wp\/v2\/posts\/23620\/revisions"}],"wp:featuredmedia":[{"embeddable":true,"href":"https:\/\/247stiri.ro\/index.php\/wp-json\/wp\/v2\/media\/23615"}],"wp:attachment":[{"href":"https:\/\/247stiri.ro\/index.php\/wp-json\/wp\/v2\/media?parent=23620"}],"wp:term":[{"taxonomy":"category","embeddable":true,"href":"https:\/\/247stiri.ro\/index.php\/wp-json\/wp\/v2\/categories?post=23620"},{"taxonomy":"post_tag","embeddable":true,"href":"https:\/\/247stiri.ro\/index.php\/wp-json\/wp\/v2\/tags?post=23620"}],"curies":[{"name":"wp","href":"https:\/\/api.w.org\/{rel}","templated":true}]}}