{"id":23630,"date":"2025-01-13T08:45:16","date_gmt":"2025-01-13T08:45:16","guid":{"rendered":"https:\/\/247stiri.ro\/index.php\/2025\/01\/13\/politistii-buzoieni-refuza-sa-mai-faca-ore-suplimentare-neplatite-zeci-de-notificari-la-ipj\/"},"modified":"2025-01-13T08:45:16","modified_gmt":"2025-01-13T08:45:16","slug":"politistii-buzoieni-refuza-sa-mai-faca-ore-suplimentare-neplatite-zeci-de-notificari-la-ipj","status":"publish","type":"post","link":"https:\/\/247stiri.ro\/index.php\/2025\/01\/13\/politistii-buzoieni-refuza-sa-mai-faca-ore-suplimentare-neplatite-zeci-de-notificari-la-ipj\/","title":{"rendered":"Poli\u021bi\u0219tii buzoieni REFUZ\u0102 s\u0103 mai fac\u0103 ORE SUPLIMENTARE nepl\u0103tite: zeci de notific\u0103ri la IPJ"},"content":{"rendered":"<p>Potrivit Sindicatului Sidepol Buz\u0103u, la sf\u00e2r\u0219itul s\u0103pt\u0103m\u00e2nii trecute au fost depuse la IPJ aproximativ 70 de rapoarte de \u00eencetare a acordului privind efectuarea orelor suplimentare, \u00een afara turelor de serviciu planificate, \u00eencep\u00e2nd cu data de 1 ianuarie 2025. M\u0103sura a fost luat\u0103 ca o reac\u021bie la efectele ordonan\u021bei &#8222;trenule\u021b&#8221;, de reducere a cheltuielilor bugetare.<\/p>\n<p>&#8222;Joi au fost depuse \u00een jur de 35 de cereri, vineri \u00eenc\u0103 pe at\u00e2t, \u00een total \u00een jur de 70 \u00een cele dou\u0103 zile. Programul normal de lucru \u00eel execut\u0103m \u00een totalitate, \u00eens\u0103 dup\u0103 aceste ore de program nu ne mai exprim\u0103m dorin\u021ba, conform Codului muncii s\u0103 mai mergem la serviciu. De obicei un poli\u021bist lucra \u00een medie \u00een jur de 10-12 ore suplimentare pe lun\u0103. \u00cen condi\u021biile \u00een care mergi suplimentar la lucru, e\u0219ti recompensat doar cu timp liber. Nu este logic la 2 noaptea s\u0103 mergi la serviciu \u0219i s\u0103 \u00ee\u021bi dea alte dou\u0103 ore de recuperare \u00een alt\u0103 zi. Sporurile pentru zilele de s\u00e2mb\u0103t\u0103, duminic\u0103, s\u0103rb\u0103tori legale era de 75%, acel spor a fost t\u0103iat prin &#8216;ordonan\u021ba trenule\u021b&#8217;, mai ales c\u0103 s-a t\u0103iat colegilor din operativ, cei din birouri nu sunt afecta\u021bi at\u00e2t de mult. Cei mai mul\u021bi dintre cei care au depus rapoarte sunt de la posturile de poli\u021bie din mediul rural, Proximitate, Investiga\u021bii Criminale. \u00cen mediul rural programul va fi 8,00-16,00, at\u00e2t se va lucra. Av\u00e2nd \u00een vedere deficitul, veneau \u0219i suplimentar. Un disconfort va fi, nu avem de unde suplimenta personalul, ace\u0219tia sunt angaja\u021bii, ne vom bloca la un moment dat. Cercet\u0103rile se vor desf\u0103\u0219ura doar \u00een timpul programului 8,00-16,00, se vor \u00eent\u00e2rzia lucr\u0103rile, nu po\u021bi s\u0103 le faci ca atunci c\u00e2nd veneai suplimentar s\u00e2mb\u0103ta, duminica, perioade c\u00e2nd mai puteai lucra \u00een plus, era mai mult timp&#8221;, a declarat pentru Agerpres pre\u0219edintele Filialei Buz\u0103u, prim-vicepre\u0219edintele la nivel na\u021bional al Sindicatului Poli\u021bi\u0219tilor Sidepol, Georgian Hudi\u021b\u0103.<\/p>\n<p>Potrivit IPJ Buz\u0103u, cererile depuse de poli\u021bi\u0219ti vor fi analizate \u0219i se vor identifica solu\u021bii astfel \u00eenc\u00e2t activitatea de ordine public\u0103 s\u0103 nu fie perturbat\u0103.<\/p>\n<p>&#8222;Cu privire la eventualele situa\u021bii din categoria celor la care se face referire, acestea vor fi analizate, conform cadrului legal \u00een vigoare \u0219i vor fi dispuse m\u0103suri pentru identificarea solu\u021biilor, astfel \u00eenc\u00e2t serviciul poli\u021bienesc s\u0103 nu fie afectat, s\u0103 r\u0103m\u00e2n\u0103 unul eficient, de calitate \u0219i profesionist, \u00een slujba comunit\u0103\u021bii.<\/p>\n<p>\u00cen aceste condi\u021bii, preciz\u0103m c\u0103 poli\u021bi\u0219tii vor fi \u00een continuare la datorie pentru siguran\u021ba cet\u0103\u021benilor, fiind analizate \u0219i aplicate toate m\u0103surile necesare, astfel \u00eenc\u00e2t capacitatea de interven\u021bie s\u0103 nu fie afectat\u0103, iar poli\u021bi\u0219tii afla\u021bi \u00een serviciu s\u0103 ac\u021bioneze cu promptitudine, conform competen\u021belor, ori de c\u00e2te ori situa\u021bia o va impune&#8221;, au transmis, la r\u00e2ndul lor, reprezentan\u021bii IPJ Buz\u0103u.<\/p>\n<p>Sindicali\u0219tii atrag aten\u021bia totodat\u0103 c\u0103 \u00een perioada urm\u0103toare ar putea fi organizate mi\u0219c\u0103ri de protest, pe fondul nemul\u021bumirilor legate de m\u0103surile fiscal-bugetare adoptate de Guvern.\u00a0<\/p>","protected":false},"excerpt":{"rendered":"<p>Potrivit Sindicatului Sidepol Buz\u0103u, la sf\u00e2r\u0219itul s\u0103pt\u0103m\u00e2nii trecute au fost depuse la IPJ aproximativ 70&hellip;<\/p>\n","protected":false},"author":0,"featured_media":23631,"comment_status":"open","ping_status":"open","sticky":false,"template":"","format":"standard","meta":{"footnotes":""},"categories":[2],"tags":[],"class_list":["post-23630","post","type-post","status-publish","format-standard","has-post-thumbnail","hentry","category-actual"],"_links":{"self":[{"href":"https:\/\/247stiri.ro\/index.php\/wp-json\/wp\/v2\/posts\/23630","targetHints":{"allow":["GET"]}}],"collection":[{"href":"https:\/\/247stiri.ro\/index.php\/wp-json\/wp\/v2\/posts"}],"about":[{"href":"https:\/\/247stiri.ro\/index.php\/wp-json\/wp\/v2\/types\/post"}],"replies":[{"embeddable":true,"href":"https:\/\/247stiri.ro\/index.php\/wp-json\/wp\/v2\/comments?post=23630"}],"version-history":[{"count":0,"href":"https:\/\/247stiri.ro\/index.php\/wp-json\/wp\/v2\/posts\/23630\/revisions"}],"wp:featuredmedia":[{"embeddable":true,"href":"https:\/\/247stiri.ro\/index.php\/wp-json\/wp\/v2\/media\/23631"}],"wp:attachment":[{"href":"https:\/\/247stiri.ro\/index.php\/wp-json\/wp\/v2\/media?parent=23630"}],"wp:term":[{"taxonomy":"category","embeddable":true,"href":"https:\/\/247stiri.ro\/index.php\/wp-json\/wp\/v2\/categories?post=23630"},{"taxonomy":"post_tag","embeddable":true,"href":"https:\/\/247stiri.ro\/index.php\/wp-json\/wp\/v2\/tags?post=23630"}],"curies":[{"name":"wp","href":"https:\/\/api.w.org\/{rel}","templated":true}]}}