{"id":23642,"date":"2025-01-13T09:45:03","date_gmt":"2025-01-13T09:45:03","guid":{"rendered":"https:\/\/247stiri.ro\/index.php\/2025\/01\/13\/marcel-ciolacu-in-sondaje-va-fi-un-singur-candidat-crin-antonescu-ce-spune-premierul-despre-data-alegerilor-prezidentiale\/"},"modified":"2025-01-13T09:45:03","modified_gmt":"2025-01-13T09:45:03","slug":"marcel-ciolacu-in-sondaje-va-fi-un-singur-candidat-crin-antonescu-ce-spune-premierul-despre-data-alegerilor-prezidentiale","status":"publish","type":"post","link":"https:\/\/247stiri.ro\/index.php\/2025\/01\/13\/marcel-ciolacu-in-sondaje-va-fi-un-singur-candidat-crin-antonescu-ce-spune-premierul-despre-data-alegerilor-prezidentiale\/","title":{"rendered":"Marcel Ciolacu: \u00cen sondaje va fi un singur candidat &#8211; Crin Antonescu. Ce spune premierul despre data alegerilor preziden\u021biale"},"content":{"rendered":"<p>\u201dDecizia este luat\u0103. \u00cen sondaj va fi un singur candidat: Crin Antonescu. Va fi un singur candidat trecut, pe urm\u0103 avem CPN \u015fi pe urm\u0103 PSD-ul trebuie s\u0103 fac\u0103 congres. Poate facem un congres comun cu cei de la PNL \u015fi cei de la UDMR\u201d.<\/p>\n<p>Partidele din coali\u0163ie urmeaz\u0103 s\u0103 valideze, \u00een perioada urm\u0103toare, candidatura lui Crin Antonescu, \u00een forurile de decizie, liberalii urm\u00e2nd s\u0103 voteze \u00een Consiliul Na\u0163ional iar PSD \u00een cadrul unui Congres, \u00een luna februarie.\u00a0Premierul Marcel Ciolacu a anun\u0163at vineri c\u0103 s\u0103pt\u0103m\u00e2na viitoare, \u00een prima \u015fedin\u0163\u0103 de Guvern, se vor aproba toate documentele necesare organiz\u0103rii alegerilor preziden\u0163iale din luna mai.<\/p>","protected":false},"excerpt":{"rendered":"<p>\u201dDecizia este luat\u0103. \u00cen sondaj va fi un singur candidat: Crin Antonescu. Va fi un&hellip;<\/p>\n","protected":false},"author":0,"featured_media":23643,"comment_status":"open","ping_status":"open","sticky":false,"template":"","format":"standard","meta":{"footnotes":""},"categories":[3],"tags":[],"class_list":["post-23642","post","type-post","status-publish","format-standard","has-post-thumbnail","hentry","category-politica"],"_links":{"self":[{"href":"https:\/\/247stiri.ro\/index.php\/wp-json\/wp\/v2\/posts\/23642","targetHints":{"allow":["GET"]}}],"collection":[{"href":"https:\/\/247stiri.ro\/index.php\/wp-json\/wp\/v2\/posts"}],"about":[{"href":"https:\/\/247stiri.ro\/index.php\/wp-json\/wp\/v2\/types\/post"}],"replies":[{"embeddable":true,"href":"https:\/\/247stiri.ro\/index.php\/wp-json\/wp\/v2\/comments?post=23642"}],"version-history":[{"count":0,"href":"https:\/\/247stiri.ro\/index.php\/wp-json\/wp\/v2\/posts\/23642\/revisions"}],"wp:featuredmedia":[{"embeddable":true,"href":"https:\/\/247stiri.ro\/index.php\/wp-json\/wp\/v2\/media\/23643"}],"wp:attachment":[{"href":"https:\/\/247stiri.ro\/index.php\/wp-json\/wp\/v2\/media?parent=23642"}],"wp:term":[{"taxonomy":"category","embeddable":true,"href":"https:\/\/247stiri.ro\/index.php\/wp-json\/wp\/v2\/categories?post=23642"},{"taxonomy":"post_tag","embeddable":true,"href":"https:\/\/247stiri.ro\/index.php\/wp-json\/wp\/v2\/tags?post=23642"}],"curies":[{"name":"wp","href":"https:\/\/api.w.org\/{rel}","templated":true}]}}