{"id":23650,"date":"2025-01-13T09:45:05","date_gmt":"2025-01-13T09:45:05","guid":{"rendered":"https:\/\/247stiri.ro\/index.php\/2025\/01\/13\/ministrul-de-finante-s-a-razgandit-si-anunta-ca-ia-in-calcul-majorarea-tva-ce-mai-pregateste-guvernul\/"},"modified":"2025-01-13T09:45:05","modified_gmt":"2025-01-13T09:45:05","slug":"ministrul-de-finante-s-a-razgandit-si-anunta-ca-ia-in-calcul-majorarea-tva-ce-mai-pregateste-guvernul","status":"publish","type":"post","link":"https:\/\/247stiri.ro\/index.php\/2025\/01\/13\/ministrul-de-finante-s-a-razgandit-si-anunta-ca-ia-in-calcul-majorarea-tva-ce-mai-pregateste-guvernul\/","title":{"rendered":"Ministrul de Finan\u021be s-a r\u0103zg\u00e2ndit \u0219i anun\u021b\u0103 c\u0103 ia \u00een calcul majorarea TVA. Ce mai preg\u0103te\u0219te Guvernul"},"content":{"rendered":"<p>\u201eSunt analizate variante cu cre\u0219terea TVA, varianta cu comasarea impozitului pe venit cu CASS\u201d, spune Tzancos Barna. La un simplu calcul, acest lucru \u00eenseamn\u0103 c\u0103 TVA-ul sare de la 16,5 la sut\u0103 la 20 la sut\u0103 pentru a acoperi deficitul bugetar.<\/p>\n<p>De altfel, demnitarul UDMR precizeaz\u0103 c\u0103 vor avea loc discu\u021bii cu speciali\u0219tii din minister chiar \u00een aceast\u0103 s\u0103pt\u0103m\u00e2n\u0103. Anun\u021bul ministrului de Finan\u021be vine la scurt timp dup\u0103 ce premierul Marcel Ciolacu a publicat un filmule\u021b cu mesajul \u201dNu se m\u0103re\u0219te TVA-ul\u201d scris pe m\u00e2n\u0103.\u00a0<\/p>\n<p>\u00a0<\/p>","protected":false},"excerpt":{"rendered":"<p>\u201eSunt analizate variante cu cre\u0219terea TVA, varianta cu comasarea impozitului pe venit cu CASS\u201d, spune&hellip;<\/p>\n","protected":false},"author":0,"featured_media":23641,"comment_status":"open","ping_status":"open","sticky":false,"template":"","format":"standard","meta":{"footnotes":""},"categories":[2],"tags":[],"class_list":["post-23650","post","type-post","status-publish","format-standard","has-post-thumbnail","hentry","category-actual"],"_links":{"self":[{"href":"https:\/\/247stiri.ro\/index.php\/wp-json\/wp\/v2\/posts\/23650","targetHints":{"allow":["GET"]}}],"collection":[{"href":"https:\/\/247stiri.ro\/index.php\/wp-json\/wp\/v2\/posts"}],"about":[{"href":"https:\/\/247stiri.ro\/index.php\/wp-json\/wp\/v2\/types\/post"}],"replies":[{"embeddable":true,"href":"https:\/\/247stiri.ro\/index.php\/wp-json\/wp\/v2\/comments?post=23650"}],"version-history":[{"count":0,"href":"https:\/\/247stiri.ro\/index.php\/wp-json\/wp\/v2\/posts\/23650\/revisions"}],"wp:featuredmedia":[{"embeddable":true,"href":"https:\/\/247stiri.ro\/index.php\/wp-json\/wp\/v2\/media\/23641"}],"wp:attachment":[{"href":"https:\/\/247stiri.ro\/index.php\/wp-json\/wp\/v2\/media?parent=23650"}],"wp:term":[{"taxonomy":"category","embeddable":true,"href":"https:\/\/247stiri.ro\/index.php\/wp-json\/wp\/v2\/categories?post=23650"},{"taxonomy":"post_tag","embeddable":true,"href":"https:\/\/247stiri.ro\/index.php\/wp-json\/wp\/v2\/tags?post=23650"}],"curies":[{"name":"wp","href":"https:\/\/api.w.org\/{rel}","templated":true}]}}