{"id":23669,"date":"2025-01-13T10:45:03","date_gmt":"2025-01-13T10:45:03","guid":{"rendered":"https:\/\/247stiri.ro\/index.php\/2025\/01\/13\/efectele-ordonantei-trenulet-16-politisti-sibieni-in-concediu-medical-in-semn-de-protest-fata-de-masurile-fiscal-bugetare\/"},"modified":"2025-01-13T10:45:03","modified_gmt":"2025-01-13T10:45:03","slug":"efectele-ordonantei-trenulet-16-politisti-sibieni-in-concediu-medical-in-semn-de-protest-fata-de-masurile-fiscal-bugetare","status":"publish","type":"post","link":"https:\/\/247stiri.ro\/index.php\/2025\/01\/13\/efectele-ordonantei-trenulet-16-politisti-sibieni-in-concediu-medical-in-semn-de-protest-fata-de-masurile-fiscal-bugetare\/","title":{"rendered":"Efectele Ordonan\u021bei &#8222;trenule\u021b&#8221;: 16 poli\u021bi\u0219ti sibieni \u00een concediu medical, \u00een semn de protest fa\u021b\u0103 de m\u0103surile fiscal-bugetare"},"content":{"rendered":"<p>Sindicatul DECUS avertizeaz\u0103, luni, asupra unor situa\u0163ii deosebite ap\u0103rute ca urmare a m\u0103surilor dispuse prin Ordina\u0163na trenule\u0163 \u015fi relateaz\u0103 cazul unor poli\u0163i\u015fti din Sibiu care au intrat \u00een concediu medical pe fondul nemul\u0163umirii.<\/p>\n<p>&#8222;Lu\u00e2nd act cu \u00eengrijorare de ingerin\u021ba unor manageri ai Poli\u021biei Rom\u00e2ne \u00een activitatea sindical\u0103 \u0219i ca urmare a situa\u021biei deosebite \u00een care:\u2022 13 poli\u021bi\u0219ti din 14 planifica\u021bi \u00een serviciu (schimburile 2 \u0219i 3) de la Poli\u021bia Municipiului Sibiu \u2013 Biroul de Ordine Public\u0103;\u2022 3 poli\u021bi\u0219ti din 4 planifica\u021bi \u00een serviciu (schimbul 2) de la Sec\u021bia 1 Poli\u021bie Sibiu,au intrat \u00een concediu medical, Sindicatul Na\u021bional DECUS condamn\u0103 orice tentativ\u0103 de a limita drepturile sindicale ale poli\u021bi\u0219tilor. Conform informa\u021biilor furnizate de conducerea IPJ Sibiu, situa\u021bia este generat\u0103 de nemul\u021bumirile poli\u021bi\u0219tilor fa\u021b\u0103 de m\u0103surile fiscal-bugetare propuse pentru anul 2025.\u00a0Atragem aten\u021bia deciden\u021bilor politici asupra importan\u021bei structurilor Poli\u021biei Rom\u00e2ne \u00een garantarea siguran\u021bei cet\u0103\u021benilor \u0219i a ordinii publice. Orice m\u0103suri care afecteaz\u0103 drepturile, salariile \u0219i condi\u021biile de munc\u0103 ale poli\u021bi\u0219tilor pot avea consecin\u021be grave asupra func\u021bion\u0103rii institu\u021biei \u0219i a \u00eencrederii \u00een sistemul de ordine public\u0103.\u00a0Sindicatul Na\u021bional DECUS \u00ee\u0219i reafirm\u0103 sprijinul pentru to\u021bi membrii s\u0103i \u0219i va continua s\u0103 \u00eentreprind\u0103 toate demersurile necesare pentru ap\u0103rarea drepturilor acestora.\u00a0Solicit\u0103m o abordare responsabil\u0103 \u0219i echitabil\u0103 din partea deciden\u021bilor politici pentru a g\u0103si solu\u021bii corecte \u0219i sustenabile care s\u0103 reflecte respectul fa\u021b\u0103 de munca poli\u021bi\u0219tilor&#8221;, au transmis, luni, sindicali\u0219tii, \u00eentr-o postare pe Facebook.<a href=\"https:\/\/www.realitatea.net\/stiri\/actual\/politistii-buzoieni-refuza-sa-mai-faca-ore-suplimentare-neplatite-zeci-de-notificari-la-ipj_6784c805945d8f5f630db269\" target=\"_blank\">Poli\u021bi\u0219tii buzoieni REFUZ\u0102 s\u0103 mai fac\u0103 ORE SUPLIMENTARE nepl\u0103tite: zeci de notific\u0103ri la IPJ<\/a><\/p>\n<p>Conducerea IPJ Sibiu a precizat c\u0103 se iau m\u0103suri pentru ca activitatea s\u0103 nu fie afectat\u0103.<\/p>\n<p>\u201dInforma\u0163iile privind starea de s\u0103n\u0103tate a poli\u0163i\u015ftilor fac parte din categoria datelor cu caracter personal. Asigur\u0103m comunitatea sibian\u0103 c\u0103, la nivelul Inspectoratului de Poli\u0163ie Jude\u0163ean Sibiu, se iau toate m\u0103surile necesare \u00een vederea \u00eendeplinirii continue a misiunilor specifice, pentru asigurarea climatului de ordine \u015fi siguran\u0163\u0103 public\u0103\u201d, au transmis reprezentan\u0163ii IPJ Sibiu, pentru News.ro.<\/p>","protected":false},"excerpt":{"rendered":"<p>Sindicatul DECUS avertizeaz\u0103, luni, asupra unor situa\u0163ii deosebite ap\u0103rute ca urmare a m\u0103surilor dispuse prin&hellip;<\/p>\n","protected":false},"author":0,"featured_media":23670,"comment_status":"open","ping_status":"open","sticky":false,"template":"","format":"standard","meta":{"footnotes":""},"categories":[2],"tags":[],"class_list":["post-23669","post","type-post","status-publish","format-standard","has-post-thumbnail","hentry","category-actual"],"_links":{"self":[{"href":"https:\/\/247stiri.ro\/index.php\/wp-json\/wp\/v2\/posts\/23669","targetHints":{"allow":["GET"]}}],"collection":[{"href":"https:\/\/247stiri.ro\/index.php\/wp-json\/wp\/v2\/posts"}],"about":[{"href":"https:\/\/247stiri.ro\/index.php\/wp-json\/wp\/v2\/types\/post"}],"replies":[{"embeddable":true,"href":"https:\/\/247stiri.ro\/index.php\/wp-json\/wp\/v2\/comments?post=23669"}],"version-history":[{"count":0,"href":"https:\/\/247stiri.ro\/index.php\/wp-json\/wp\/v2\/posts\/23669\/revisions"}],"wp:featuredmedia":[{"embeddable":true,"href":"https:\/\/247stiri.ro\/index.php\/wp-json\/wp\/v2\/media\/23670"}],"wp:attachment":[{"href":"https:\/\/247stiri.ro\/index.php\/wp-json\/wp\/v2\/media?parent=23669"}],"wp:term":[{"taxonomy":"category","embeddable":true,"href":"https:\/\/247stiri.ro\/index.php\/wp-json\/wp\/v2\/categories?post=23669"},{"taxonomy":"post_tag","embeddable":true,"href":"https:\/\/247stiri.ro\/index.php\/wp-json\/wp\/v2\/tags?post=23669"}],"curies":[{"name":"wp","href":"https:\/\/api.w.org\/{rel}","templated":true}]}}