{"id":23674,"date":"2025-01-13T10:45:04","date_gmt":"2025-01-13T10:45:04","guid":{"rendered":"https:\/\/247stiri.ro\/index.php\/2025\/01\/13\/decizia-judecatorilor-curtii-de-apel-in-dosarul-alegerilor-razboi-in-justitie-pentru-reluarea-turului-2\/"},"modified":"2025-01-13T10:45:04","modified_gmt":"2025-01-13T10:45:04","slug":"decizia-judecatorilor-curtii-de-apel-in-dosarul-alegerilor-razboi-in-justitie-pentru-reluarea-turului-2","status":"publish","type":"post","link":"https:\/\/247stiri.ro\/index.php\/2025\/01\/13\/decizia-judecatorilor-curtii-de-apel-in-dosarul-alegerilor-razboi-in-justitie-pentru-reluarea-turului-2\/","title":{"rendered":"DECIZIA judec\u0103torilor Cur\u021bii de Apel \u00een dosarul alegerilor. R\u0103zboi \u00een Justi\u021bie pentru reluarea Turului 2"},"content":{"rendered":"<p>Mar\u021bi va fi o zi crucial\u0103 pentru rom\u00e2nii care au ie\u0219it \u00een strad\u0103 \u00een aceste zile \u0219i au strigat libertate. I-am v\u0103zut cu to\u021bii, ieri au fost zeci de mii de rom\u00e2ni veni\u021bi din toate jude\u021bele \u021b\u0103rii \u0219i inclusiv din diaspora, care \u0219i-au strigat nemul\u021bumirile, au cerut reluarea turului 2 al alegerilor preziden\u021biale \u0219i se pare c\u0103 vocea lor a fost ascultat\u0103. Astfel c\u0103 m\u00e2ine la Curtea de Apel se va judeca acest proces, prin care se va analiza decizia Cur\u021bii Constitu\u021bionale de anularea alegerilor preziden\u021biale.<\/p>\n<p>A\u0219adar, se cere contestarea hot\u0103r\u00e2rii CCR ca fiind una neconstitu\u021bional\u0103, nelegal\u0103 \u0219i abuziv\u0103. \u0218i, de asemenea, avocatul care a ini\u021biat aceast\u0103 contesta\u021bie cere judec\u0103torilor s\u0103 dea o erat\u0103 prin care turul 2 al alegerilor preziden\u021biale s\u0103 fie reluat cu Elena Lasconi \u0219i C\u0103lin Georgescu.\u00a0<\/p>\n<p>De men\u021bionat este \u0219i faptul c\u0103 protestele vor continua \u0219i \u00een zilele urm\u0103toare.<\/p>","protected":false},"excerpt":{"rendered":"<p>Mar\u021bi va fi o zi crucial\u0103 pentru rom\u00e2nii care au ie\u0219it \u00een strad\u0103 \u00een aceste&hellip;<\/p>\n","protected":false},"author":0,"featured_media":23675,"comment_status":"open","ping_status":"open","sticky":false,"template":"","format":"standard","meta":{"footnotes":""},"categories":[2],"tags":[],"class_list":["post-23674","post","type-post","status-publish","format-standard","has-post-thumbnail","hentry","category-actual"],"_links":{"self":[{"href":"https:\/\/247stiri.ro\/index.php\/wp-json\/wp\/v2\/posts\/23674","targetHints":{"allow":["GET"]}}],"collection":[{"href":"https:\/\/247stiri.ro\/index.php\/wp-json\/wp\/v2\/posts"}],"about":[{"href":"https:\/\/247stiri.ro\/index.php\/wp-json\/wp\/v2\/types\/post"}],"replies":[{"embeddable":true,"href":"https:\/\/247stiri.ro\/index.php\/wp-json\/wp\/v2\/comments?post=23674"}],"version-history":[{"count":0,"href":"https:\/\/247stiri.ro\/index.php\/wp-json\/wp\/v2\/posts\/23674\/revisions"}],"wp:featuredmedia":[{"embeddable":true,"href":"https:\/\/247stiri.ro\/index.php\/wp-json\/wp\/v2\/media\/23675"}],"wp:attachment":[{"href":"https:\/\/247stiri.ro\/index.php\/wp-json\/wp\/v2\/media?parent=23674"}],"wp:term":[{"taxonomy":"category","embeddable":true,"href":"https:\/\/247stiri.ro\/index.php\/wp-json\/wp\/v2\/categories?post=23674"},{"taxonomy":"post_tag","embeddable":true,"href":"https:\/\/247stiri.ro\/index.php\/wp-json\/wp\/v2\/tags?post=23674"}],"curies":[{"name":"wp","href":"https:\/\/api.w.org\/{rel}","templated":true}]}}