{"id":23696,"date":"2025-01-13T11:44:53","date_gmt":"2025-01-13T11:44:53","guid":{"rendered":"https:\/\/247stiri.ro\/index.php\/2025\/01\/13\/un-barbat-din-galati-condamnat-pentru-ultraj-a-fost-prins-de-politisti-cand-incerca-sa-vanda-o-arma-si-cartuse\/"},"modified":"2025-01-13T11:44:53","modified_gmt":"2025-01-13T11:44:53","slug":"un-barbat-din-galati-condamnat-pentru-ultraj-a-fost-prins-de-politisti-cand-incerca-sa-vanda-o-arma-si-cartuse","status":"publish","type":"post","link":"https:\/\/247stiri.ro\/index.php\/2025\/01\/13\/un-barbat-din-galati-condamnat-pentru-ultraj-a-fost-prins-de-politisti-cand-incerca-sa-vanda-o-arma-si-cartuse\/","title":{"rendered":"Un b\u0103rbat din Gala\u021bi condamnat pentru ultraj a fost prins de poli\u0163i\u015fti c\u00e2nd \u00eencerca s\u0103 v\u00e2nd\u0103 o arm\u0103 \u0219i cartu\u0219e"},"content":{"rendered":"<p>\u201d\u00cen data de 12 ianuarie 2025, poli\u0163i\u015ftii din cadrul Serviciului Arme, Explozivi \u015fi Substan\u0163e Periculoase Gala\u0163i au depistat \u00een flagrant delict un b\u0103rbat, \u00een v\u00e2rst\u0103 de 37 ani, din municipiul Br\u0103ila, \u00een timp ce inten\u0163iona s\u0103 comercializeze, pe raza municipiului Gala\u0163i, o arm\u0103 de v\u00e2n\u0103toare calibru 12 mm \u015fi 6 cartu\u015fe de v\u00e2n\u0103toare calibru 12 mm\u201d, a transmis, luni, IPJ Gala\u0163i.<\/p>\n<p>Sursa citat\u0103 a precizat c\u0103, dup\u0103 verific\u0103ri, a reie\u015fit faptul c\u0103, pe numele b\u0103rbatului, Judec\u0103toria F\u0103urei a emis un mandat de executare a unei pedepse de 6 ani \u015fi 4 luni de \u00eenchisoare, pentru s\u0103v\u00e2r\u015firea infrac\u0163iunii de ultraj.<\/p>\n<p>B\u0103rbatul era dat \u00een urm\u0103rire.<\/p>\n<p>\u201dCercet\u0103rile sunt continuate de c\u0103tre poli\u0163i\u015fti, \u00een cadrul unui dosar penal deschis pentru s\u0103v\u00e2r\u015firea infrac\u0163iunii de nerespectarea regimului armelor \u015fi muni\u0163iilor\u201d, a mai transmis Poli\u0163ia.<\/p>\n<p>B\u0103rbatul a fost condus \u015fi \u00eencarcerat \u00een Penitenciarul Gala\u0163i.<\/p>","protected":false},"excerpt":{"rendered":"<p>\u201d\u00cen data de 12 ianuarie 2025, poli\u0163i\u015ftii din cadrul Serviciului Arme, Explozivi \u015fi Substan\u0163e Periculoase&hellip;<\/p>\n","protected":false},"author":0,"featured_media":23697,"comment_status":"open","ping_status":"open","sticky":false,"template":"","format":"standard","meta":{"footnotes":""},"categories":[2],"tags":[],"class_list":["post-23696","post","type-post","status-publish","format-standard","has-post-thumbnail","hentry","category-actual"],"_links":{"self":[{"href":"https:\/\/247stiri.ro\/index.php\/wp-json\/wp\/v2\/posts\/23696","targetHints":{"allow":["GET"]}}],"collection":[{"href":"https:\/\/247stiri.ro\/index.php\/wp-json\/wp\/v2\/posts"}],"about":[{"href":"https:\/\/247stiri.ro\/index.php\/wp-json\/wp\/v2\/types\/post"}],"replies":[{"embeddable":true,"href":"https:\/\/247stiri.ro\/index.php\/wp-json\/wp\/v2\/comments?post=23696"}],"version-history":[{"count":0,"href":"https:\/\/247stiri.ro\/index.php\/wp-json\/wp\/v2\/posts\/23696\/revisions"}],"wp:featuredmedia":[{"embeddable":true,"href":"https:\/\/247stiri.ro\/index.php\/wp-json\/wp\/v2\/media\/23697"}],"wp:attachment":[{"href":"https:\/\/247stiri.ro\/index.php\/wp-json\/wp\/v2\/media?parent=23696"}],"wp:term":[{"taxonomy":"category","embeddable":true,"href":"https:\/\/247stiri.ro\/index.php\/wp-json\/wp\/v2\/categories?post=23696"},{"taxonomy":"post_tag","embeddable":true,"href":"https:\/\/247stiri.ro\/index.php\/wp-json\/wp\/v2\/tags?post=23696"}],"curies":[{"name":"wp","href":"https:\/\/api.w.org\/{rel}","templated":true}]}}