{"id":23698,"date":"2025-01-13T11:44:53","date_gmt":"2025-01-13T11:44:53","guid":{"rendered":"https:\/\/247stiri.ro\/index.php\/2025\/01\/13\/2025-aduce-facturi-mai-mari-la-gaze-cati-bani-vor-scoate-din-buzunare-romanii\/"},"modified":"2025-01-13T11:44:53","modified_gmt":"2025-01-13T11:44:53","slug":"2025-aduce-facturi-mai-mari-la-gaze-cati-bani-vor-scoate-din-buzunare-romanii","status":"publish","type":"post","link":"https:\/\/247stiri.ro\/index.php\/2025\/01\/13\/2025-aduce-facturi-mai-mari-la-gaze-cati-bani-vor-scoate-din-buzunare-romanii\/","title":{"rendered":"2025 aduce facturi mai mari la gaze. C\u00e2\u021bi bani vor scoate din buzunare rom\u00e2nii"},"content":{"rendered":"<p>Situa\u021bia a fost analizat\u0103 de Dumitru Chis\u0103li\u021b\u0103, pre\u0219edintele Asocia\u021biei Energia Inteligent\u0103 (AEI), care atrage aten\u021bia asupra unor aspecte legate de aceste oferte.<\/p>\n<p>&#8222;Chiar dac\u0103 \u00een conformitate cu legisla\u0163ia actual\u0103 ar fi necesar\u0103 ofertarea \u015fi \u00eentocmirea de noi contracte de v\u00e2nzare-cump\u0103rare, furnizorii nu se \u00eenghesuie s\u0103 transmit\u0103 oferte. Sigur la r\u00e2ndul lor \u015fi ace\u015ftia au multe necunoscute, \u00een ceea ce prive\u015fte pre\u0163ul de achizi\u0163ie al gazelor dup\u0103 data de 1 aprilie 2025.<\/p>\n<p>Dac\u0103 urm\u0103rim pagina ANRE &#8211; Comparatorul de pre\u0163 la gaze &#8211; dup\u0103 data de 1 aprilie 2025 constat\u0103m c\u0103 exist\u0103 oferte de la 4 firme care \u00een fapt sunt de\u0163inute de acela\u015fi ac\u0163ionar, ofertele fiind 100% identice p\u00e2n\u0103 la ultima virgul\u0103 \u015fi av\u00e2nd toate pre\u0163ul de 0,31 lei\/kWh cu TVA inclus, pre\u0163ul fiind valabil p\u00e2n\u0103 \u00een septembrie 2025&#8243;, afirm\u0103 pre\u015fedintele AEI.<\/p>\n<p>Un alt aspect important eviden\u021biat de Dumitru Chis\u0103li\u021b\u0103 este existen\u021ba unor clauze contractuale care permit furnizorilor s\u0103 modifice pre\u021burile dup\u0103 bunul plac. Potrivit acestuia, contractele furnizorilor con\u021bin prevederi prin care ace\u0219tia \u00ee\u0219i rezerv\u0103 dreptul de a ajusta pre\u021burile, cu obliga\u021bia de a informa clien\u021bii finali cu cel pu\u021bin 30 de zile \u00eenainte.<\/p>\n<p>Conform declara\u021biilor sale, modificarea pre\u021bului poate fi ini\u021biat\u0103 de furnizor, care trebuie s\u0103 &#8222;notifice clientul final, \u00een mod transparent \u015fi u\u015for de \u00een\u0163eles, cu privire la orice inten\u0163ie de modificare a pre\u0163ului de baz\u0103, preciz\u00e2nd motivele prealabile modific\u0103rii \u015fi sfera de aplicare a acesteia, \u00een mod direct \u015fi \u00een timp util, cu cel pu\u0163in 30 de zile \u00eenainte de intrarea \u00een vigoare a modific\u0103rii.&#8221;<\/p>\n<p>Facturi imense pentru \u00eenc\u0103lzire<\/p>\n<p>\u00cen ceea ce prive\u0219te consumatorii casnici, ace\u0219tia se confrunt\u0103 cu perspective sumbre. Ofertele existente indic\u0103 o posibil\u0103 cre\u0219tere de pre\u021buri de p\u00e2n\u0103 la 35%, ceea ce va genera facturi semnificativ mai mari pentru \u00eenc\u0103lzirea locuin\u021belor.<\/p>\n<p>&#8222;Astfel, un consumator care se \u00eenc\u0103lze\u015fte cu gaze \u00eentr-un imobil de tip cas\u0103 urmeaz\u0103 s\u0103 achite \u00een lunile de iarn\u0103, dup\u0103 1 aprilie 2025, o factur\u0103 de circa 2.100 lei\/lun\u0103, cu circa 550 lei mai mult dec\u00e2t \u00een anul 2023 \u015fi cu circa 750 lei mai mult dec\u00e2t \u00een 2024. \u00cen cazul unui consumator care locuie\u015fte \u00eentr-un apartament de 3 camere \u015fi folose\u015fte gazele pentru \u00eenc\u0103lzire acesta urmeaz\u0103 s\u0103 achite lunar o factur\u0103 de circa 1.000 lei, cu circa 225 lei mai mult dec\u00e2t \u00een anul 2023 \u015fi cu circa 325 lei mai mult dec\u00e2t \u00een 2024&#8221;, a detaliat Chis\u0103li\u021b\u0103.<\/p>\n<p>Potrivit pre\u0219edintelui AEI, singura cale pentru a evita aceast\u0103 situa\u021bie este preg\u0103tirea unei reliberaliz\u0103ri controlate a pie\u021bei gazelor naturale. Aceasta ar putea reduce impactul major\u0103rii pre\u021burilor asupra consumatorilor \u0219i ar crea condi\u021bii mai echitabile pe pia\u021b\u0103.<\/p>\n<p>\u00cen absen\u021ba unor m\u0103suri proactive, consumatorii risc\u0103 s\u0103 fie pu\u0219i \u00een fa\u021ba unor cre\u0219teri tarifare nejustificate, determinate de actualele prevederi legale \u0219i de comportamentul furnizorilor.<\/p>","protected":false},"excerpt":{"rendered":"<p>Situa\u021bia a fost analizat\u0103 de Dumitru Chis\u0103li\u021b\u0103, pre\u0219edintele Asocia\u021biei Energia Inteligent\u0103 (AEI), care atrage aten\u021bia&hellip;<\/p>\n","protected":false},"author":0,"featured_media":23699,"comment_status":"open","ping_status":"open","sticky":false,"template":"","format":"standard","meta":{"footnotes":""},"categories":[2],"tags":[],"class_list":["post-23698","post","type-post","status-publish","format-standard","has-post-thumbnail","hentry","category-actual"],"_links":{"self":[{"href":"https:\/\/247stiri.ro\/index.php\/wp-json\/wp\/v2\/posts\/23698","targetHints":{"allow":["GET"]}}],"collection":[{"href":"https:\/\/247stiri.ro\/index.php\/wp-json\/wp\/v2\/posts"}],"about":[{"href":"https:\/\/247stiri.ro\/index.php\/wp-json\/wp\/v2\/types\/post"}],"replies":[{"embeddable":true,"href":"https:\/\/247stiri.ro\/index.php\/wp-json\/wp\/v2\/comments?post=23698"}],"version-history":[{"count":0,"href":"https:\/\/247stiri.ro\/index.php\/wp-json\/wp\/v2\/posts\/23698\/revisions"}],"wp:featuredmedia":[{"embeddable":true,"href":"https:\/\/247stiri.ro\/index.php\/wp-json\/wp\/v2\/media\/23699"}],"wp:attachment":[{"href":"https:\/\/247stiri.ro\/index.php\/wp-json\/wp\/v2\/media?parent=23698"}],"wp:term":[{"taxonomy":"category","embeddable":true,"href":"https:\/\/247stiri.ro\/index.php\/wp-json\/wp\/v2\/categories?post=23698"},{"taxonomy":"post_tag","embeddable":true,"href":"https:\/\/247stiri.ro\/index.php\/wp-json\/wp\/v2\/tags?post=23698"}],"curies":[{"name":"wp","href":"https:\/\/api.w.org\/{rel}","templated":true}]}}