{"id":23719,"date":"2025-01-13T12:44:57","date_gmt":"2025-01-13T12:44:57","guid":{"rendered":"https:\/\/247stiri.ro\/index.php\/2025\/01\/13\/ilie-bolojan-crin-antonescu-va-fi-validat-pe-26-ianuarie-vom-comunica-alegatorilor-ratiunile-pentru-care-sustinem-aceasta-decizie\/"},"modified":"2025-01-13T12:44:57","modified_gmt":"2025-01-13T12:44:57","slug":"ilie-bolojan-crin-antonescu-va-fi-validat-pe-26-ianuarie-vom-comunica-alegatorilor-ratiunile-pentru-care-sustinem-aceasta-decizie","status":"publish","type":"post","link":"https:\/\/247stiri.ro\/index.php\/2025\/01\/13\/ilie-bolojan-crin-antonescu-va-fi-validat-pe-26-ianuarie-vom-comunica-alegatorilor-ratiunile-pentru-care-sustinem-aceasta-decizie\/","title":{"rendered":"Ilie Bolojan: \u201eCrin Antonescu va fi validat pe 26 ianuarie. Vom comunica aleg\u0103torilor ra\u0163iunile pentru care sus\u0163inem aceast\u0103 decizie\u201d"},"content":{"rendered":"<p>\u201e\u00cen ceea ce prive\u015fte desemnarea candidatului pe care PNL \u00eel sus\u0163ine la func\u0163ia de pre\u015fedinte al Rom\u00e2niei, Biroul Executiv a votat cu unanimitate de voturi convocarea forului statutar care valideaz\u0103 candidatul pentru finalul lunii ianuarie, pentru data de 26 ianuarie, \u00een a\u015fa fel \u00eenc\u00e2t domnul Crin Antonescu, candidatul comun al coali\u0163iei s\u0103 fie candidatul sus\u0163inut de Partidul Na\u0163ional Liberal \u00een alegerile preziden\u0163iale\u201d, a spus Ilie Bolojan.<\/p>\n<p>El precizeaz\u0103 c\u0103 decizia a fost votat\u0103 cu unanimitate de voturi. \u201ePNL \u00ee\u015fi respect\u0103 angajamentul pe care \u015fi l-a luat prin semnarea protocolului de colaborare al coali\u0163iei. Avem \u00eencredere \u00een calit\u0103\u0163ile domnului Crin Antonescu, \u00een experien\u0163a pe care a acumulat-o \u015fi PNL va face tot ceea ce va fi posibil \u00een aceast\u0103 perioad\u0103 de precampanie \u015fi de campanie pentru a comunica aleg\u0103torilor ra\u0163iunile pentru care sus\u0163inem aceast\u0103 decizie \u015fi pentru ca d\u00e2nsul s\u0103 intre \u00een turul al doilea \u015fi s\u0103 c\u00e2\u015ftige alegerile preziden\u0163iale\u201d, a mai spus Ilie Bolojan.<\/p>","protected":false},"excerpt":{"rendered":"<p>\u201e\u00cen ceea ce prive\u015fte desemnarea candidatului pe care PNL \u00eel sus\u0163ine la func\u0163ia de pre\u015fedinte&hellip;<\/p>\n","protected":false},"author":0,"featured_media":23720,"comment_status":"open","ping_status":"open","sticky":false,"template":"","format":"standard","meta":{"footnotes":""},"categories":[2],"tags":[],"class_list":["post-23719","post","type-post","status-publish","format-standard","has-post-thumbnail","hentry","category-actual"],"_links":{"self":[{"href":"https:\/\/247stiri.ro\/index.php\/wp-json\/wp\/v2\/posts\/23719","targetHints":{"allow":["GET"]}}],"collection":[{"href":"https:\/\/247stiri.ro\/index.php\/wp-json\/wp\/v2\/posts"}],"about":[{"href":"https:\/\/247stiri.ro\/index.php\/wp-json\/wp\/v2\/types\/post"}],"replies":[{"embeddable":true,"href":"https:\/\/247stiri.ro\/index.php\/wp-json\/wp\/v2\/comments?post=23719"}],"version-history":[{"count":0,"href":"https:\/\/247stiri.ro\/index.php\/wp-json\/wp\/v2\/posts\/23719\/revisions"}],"wp:featuredmedia":[{"embeddable":true,"href":"https:\/\/247stiri.ro\/index.php\/wp-json\/wp\/v2\/media\/23720"}],"wp:attachment":[{"href":"https:\/\/247stiri.ro\/index.php\/wp-json\/wp\/v2\/media?parent=23719"}],"wp:term":[{"taxonomy":"category","embeddable":true,"href":"https:\/\/247stiri.ro\/index.php\/wp-json\/wp\/v2\/categories?post=23719"},{"taxonomy":"post_tag","embeddable":true,"href":"https:\/\/247stiri.ro\/index.php\/wp-json\/wp\/v2\/tags?post=23719"}],"curies":[{"name":"wp","href":"https:\/\/api.w.org\/{rel}","templated":true}]}}