{"id":23762,"date":"2025-01-13T14:46:04","date_gmt":"2025-01-13T14:46:04","guid":{"rendered":"https:\/\/247stiri.ro\/index.php\/2025\/01\/13\/marcel-ciolacu-despre-decizia-ccr-de-anulare-a-alegerilor-se-pune-in-aplicare-nu-se-comenteaza\/"},"modified":"2025-01-13T14:46:04","modified_gmt":"2025-01-13T14:46:04","slug":"marcel-ciolacu-despre-decizia-ccr-de-anulare-a-alegerilor-se-pune-in-aplicare-nu-se-comenteaza","status":"publish","type":"post","link":"https:\/\/247stiri.ro\/index.php\/2025\/01\/13\/marcel-ciolacu-despre-decizia-ccr-de-anulare-a-alegerilor-se-pune-in-aplicare-nu-se-comenteaza\/","title":{"rendered":"Marcel Ciolacu, despre decizia CCR de anulare a alegerilor: \u201eSe pune \u00een aplicare, nu se comenteaz\u0103&#8221;"},"content":{"rendered":"<p>El a fost \u00eentrebat, la sediul central al PSD, dac\u0103 a primit mai multe explica\u021bii cu privire la motivele anul\u0103rii alegerilor, av\u00e2nd \u00een vedere c\u0103 foarte mul\u021bi rom\u00e2ni sunt nemul\u021bumi\u021bi de faptul c\u0103 autorit\u0103\u021bile nu au spus \u00eenc\u0103 motivele care au dus la aceast\u0103 decizie.<\/p>\n<p>\u201eEu nu am explica\u021bii s\u0103 dau, fiindc\u0103 eu nu am anulat nicio alegere. Este o decizie a CCR, dar nu sunt implicat \u00een anularea alegerilor. (&#8230;) Este o decizie a CCR care se pune \u00een aplicare, nu se comenteaz\u0103\u201d, a afirmat acesta.<\/p>\n<p>Marcel Ciolacu a precizat c\u0103 nu este problema lui dac\u0103 ar mai trebui s\u0103 candideze la preziden\u021biale C\u0103lin Georgescu.\u00a0<\/p>","protected":false},"excerpt":{"rendered":"<p>El a fost \u00eentrebat, la sediul central al PSD, dac\u0103 a primit mai multe explica\u021bii&hellip;<\/p>\n","protected":false},"author":0,"featured_media":23763,"comment_status":"open","ping_status":"open","sticky":false,"template":"","format":"standard","meta":{"footnotes":""},"categories":[2],"tags":[],"class_list":["post-23762","post","type-post","status-publish","format-standard","has-post-thumbnail","hentry","category-actual"],"_links":{"self":[{"href":"https:\/\/247stiri.ro\/index.php\/wp-json\/wp\/v2\/posts\/23762","targetHints":{"allow":["GET"]}}],"collection":[{"href":"https:\/\/247stiri.ro\/index.php\/wp-json\/wp\/v2\/posts"}],"about":[{"href":"https:\/\/247stiri.ro\/index.php\/wp-json\/wp\/v2\/types\/post"}],"replies":[{"embeddable":true,"href":"https:\/\/247stiri.ro\/index.php\/wp-json\/wp\/v2\/comments?post=23762"}],"version-history":[{"count":0,"href":"https:\/\/247stiri.ro\/index.php\/wp-json\/wp\/v2\/posts\/23762\/revisions"}],"wp:featuredmedia":[{"embeddable":true,"href":"https:\/\/247stiri.ro\/index.php\/wp-json\/wp\/v2\/media\/23763"}],"wp:attachment":[{"href":"https:\/\/247stiri.ro\/index.php\/wp-json\/wp\/v2\/media?parent=23762"}],"wp:term":[{"taxonomy":"category","embeddable":true,"href":"https:\/\/247stiri.ro\/index.php\/wp-json\/wp\/v2\/categories?post=23762"},{"taxonomy":"post_tag","embeddable":true,"href":"https:\/\/247stiri.ro\/index.php\/wp-json\/wp\/v2\/tags?post=23762"}],"curies":[{"name":"wp","href":"https:\/\/api.w.org\/{rel}","templated":true}]}}