{"id":2380,"date":"2024-10-28T07:45:45","date_gmt":"2024-10-28T07:45:45","guid":{"rendered":"https:\/\/247stiri.ro\/index.php\/2024\/10\/28\/george-simion-daca-romanii-merg-la-vot-pe-24-noiembrie-o-sa-l-batem-pe-ciolacu-din-turul-1\/"},"modified":"2024-10-28T07:45:45","modified_gmt":"2024-10-28T07:45:45","slug":"george-simion-daca-romanii-merg-la-vot-pe-24-noiembrie-o-sa-l-batem-pe-ciolacu-din-turul-1","status":"publish","type":"post","link":"https:\/\/247stiri.ro\/index.php\/2024\/10\/28\/george-simion-daca-romanii-merg-la-vot-pe-24-noiembrie-o-sa-l-batem-pe-ciolacu-din-turul-1\/","title":{"rendered":"George Simion: Dac\u0103 rom\u00e2nii merg la vot pe 24 noiembrie, o s\u0103-l batem pe Ciolacu din turul 1"},"content":{"rendered":"<p>&#8222;Se vrea un tur 2 PSD cu AUR, e mare, mare secret. Eu tot zic asta de doi ani de zile: \u015fti\u0163i care e diferen\u0163a fa\u0163\u0103 de anul 2000? De data asta nu mai c\u00e2\u015ftig\u0103 Iliescu. Avem suficiente voturi \u015fi suficient\u0103 sus\u0163inere din partea rom\u00e2nilor, v\u0103d asta \u00een fiecare zi. Trebuie s\u0103 nu c\u0103dem prad\u0103 propagandei securistice \u015fi, dac\u0103 rom\u00e2nii merg la vot pe 24 noiembrie, o s\u0103-l batem pe Ciolacu \u015fi \u00een turul 1, nu doar \u00een turul 2. \u015ei o mai repet a suta oar\u0103: niciodat\u0103 alian\u0163\u0103 cu PSD, niciodat\u0103 alian\u0163\u0103 cu Hrebenciuc \u015fi cu Vanghelie, niciodat\u0103 nu batem palma cu baronii&#8221;, a spus Simion.<\/p>\n<p>Potrivit acestuia, AUR nu va face nicio alian\u0163\u0103 cu PSD, dar nici cu PNL, cel pu\u0163in p\u00e2n\u0103 c\u00e2nd liberalii nu schimb\u0103 conducerea partidului.<\/p>\n<p>&#8222;Cum e \u00een toat\u0103 \u0163ara, a\u015fa va fi \u015fi la Constan\u0163a, nicio alian\u0163\u0103 cu PSD \u015fi nicio alian\u0163\u0103 cu PNL, cel pu\u0163in p\u00e2n\u0103 nu schimb\u0103 conducerea. Norocul nostru, surori \u015fi fra\u0163i, este c\u0103 m\u0103 lupt cu ni\u015fte candida\u0163i foarte, foarte slabi. Avem un tronson f\u0103r\u0103 precedent, pe l\u00e2ng\u0103 faptul c\u0103 sunt slugarnici, pe l\u00e2ng\u0103 faptul c\u0103 sunt puturo\u015fi, mai sunt \u015fi la\u015fi. M\u00e2ine la televiziunea public\u0103 \u015fi la radioul public am dezbateri programate cu Mircea Geoan\u0103, cu Nicolae Ciuc\u0103, cu Marcel Ciolacu. Crede\u0163i c\u0103 va avea vreunul curajul s\u0103 vin\u0103? Nu. V-am zis, sunt la\u015fi, sunt foarte, foarte, foarte la\u015fi. \u015ei pentru c\u0103 ei sunt la\u015fi am ajuns jos de tot ca \u0163ar\u0103&#8221;, a afirmat candidatul AUR la preziden\u0163iale.<\/p>\n<p>El le-a mai spus membrilor de partid s\u0103 le transmit\u0103 oamenilor s\u0103 pun\u0103 \u015ftampila pe AUR, pe George Simion. Aceasta fiind &#8222;calea sigur\u0103 s\u0103 sc\u0103p\u0103m de PSD, calea sigur\u0103 s\u0103 sc\u0103p\u0103m de copiii lui Ion Iliescu&#8221;, a sus\u0163inut Simion.<\/p>\n<p>&#8222;Transmite\u0163i oamenilor c\u0103 \u00eei vom ap\u0103ra de ace\u015fti nemernici care au distrus Rom\u00e2nia \u00een ultimii 34 de ani, transmite\u0163i-le c\u0103 noi nu vom b\u0103ga \u0163ara \u00een niciun r\u0103zboi \u015fi c\u0103 vom face tot posibilul pentru a ne rec\u0103p\u0103ta identitatea, curajul \u015fi m\u00e2ndria&#8221;, a declarat Simion.<\/p>\n<p>Pre\u015fedintele AUR, George Simion, candidat la alegerile preziden\u0163iale, a participat duminic\u0103 sear\u0103, la Constan\u0163a, la evenimentul &#8222;AUR pentru Dobrogea&#8221;, fiind prezenta\u0163i candida\u0163ii pentru alegerile parlamentare din jude\u0163ele Constan\u0163a, Tulcea, Br\u0103ila, Gala\u0163i, Buz\u0103u, Ilfov \u015fi C\u0103l\u0103ra\u015fi.\u00a0<\/p>\n<p>\u00a0<\/p>","protected":false},"excerpt":{"rendered":"<p>&#8222;Se vrea un tur 2 PSD cu AUR, e mare, mare secret. Eu tot zic&hellip;<\/p>\n","protected":false},"author":0,"featured_media":2381,"comment_status":"open","ping_status":"open","sticky":false,"template":"","format":"standard","meta":{"footnotes":""},"categories":[3],"tags":[],"class_list":["post-2380","post","type-post","status-publish","format-standard","has-post-thumbnail","hentry","category-politica"],"_links":{"self":[{"href":"https:\/\/247stiri.ro\/index.php\/wp-json\/wp\/v2\/posts\/2380","targetHints":{"allow":["GET"]}}],"collection":[{"href":"https:\/\/247stiri.ro\/index.php\/wp-json\/wp\/v2\/posts"}],"about":[{"href":"https:\/\/247stiri.ro\/index.php\/wp-json\/wp\/v2\/types\/post"}],"replies":[{"embeddable":true,"href":"https:\/\/247stiri.ro\/index.php\/wp-json\/wp\/v2\/comments?post=2380"}],"version-history":[{"count":0,"href":"https:\/\/247stiri.ro\/index.php\/wp-json\/wp\/v2\/posts\/2380\/revisions"}],"wp:featuredmedia":[{"embeddable":true,"href":"https:\/\/247stiri.ro\/index.php\/wp-json\/wp\/v2\/media\/2381"}],"wp:attachment":[{"href":"https:\/\/247stiri.ro\/index.php\/wp-json\/wp\/v2\/media?parent=2380"}],"wp:term":[{"taxonomy":"category","embeddable":true,"href":"https:\/\/247stiri.ro\/index.php\/wp-json\/wp\/v2\/categories?post=2380"},{"taxonomy":"post_tag","embeddable":true,"href":"https:\/\/247stiri.ro\/index.php\/wp-json\/wp\/v2\/tags?post=2380"}],"curies":[{"name":"wp","href":"https:\/\/api.w.org\/{rel}","templated":true}]}}