{"id":23817,"date":"2025-01-13T17:44:49","date_gmt":"2025-01-13T17:44:49","guid":{"rendered":"https:\/\/247stiri.ro\/index.php\/2025\/01\/13\/avocata-presedintelui-ales-calin-georgescu-la-ccr-nu-mai-e-nimic-juridic-sunt-oameni-care-s-au-protapit-acolo-din-functii-politice\/"},"modified":"2025-01-13T17:44:49","modified_gmt":"2025-01-13T17:44:49","slug":"avocata-presedintelui-ales-calin-georgescu-la-ccr-nu-mai-e-nimic-juridic-sunt-oameni-care-s-au-protapit-acolo-din-functii-politice","status":"publish","type":"post","link":"https:\/\/247stiri.ro\/index.php\/2025\/01\/13\/avocata-presedintelui-ales-calin-georgescu-la-ccr-nu-mai-e-nimic-juridic-sunt-oameni-care-s-au-protapit-acolo-din-functii-politice\/","title":{"rendered":"Avocata pre\u0219edintelui ales C\u0103lin Georgescu: La CCR nu mai e nimic juridic. Sunt oameni care s-au pro\u021b\u0103pit acolo din func\u021bii politice"},"content":{"rendered":"<p>&#8222;Speran\u021ba noastr\u0103 r\u0103m\u00e2ne tot in puterea judec\u0103toreasc\u0103 si orice ac\u021biune f\u0103cut\u0103 la judec\u0103torii de scaun cei care nu depind de puterea politica cei care si au ocupat scaunele prin concurs cei care au dat un examen dificil cei care doresc ca aceast\u0103 \u021bar\u0103 s\u0103 r\u0103m\u00e2n\u0103 una democratica acolo ne este speran\u021ba juridic ne era mai u\u0219or la CCR \u00eens\u0103 acolo nu mai e nimic juridic.<\/p>\n<p>Noi suntem in starea in care suntem pentru c\u0103 cineva a \u00eenc\u0103lcat Constitu\u021bia adic\u0103 ni\u0219te oameni politici cei de la CCR s-au pro\u021b\u0103pit acolo din func\u021bii politice de pe la cabinetul lui Iohannis, unde eu \u0219tiu ce f\u0103ceau ei acolo, r\u0103spundeau la telefoane, mai d\u0103deau ni\u0219te telefoane s\u0103 se rezolve problemele, c\u0103 ce s\u0103 fac\u0103 un consilier de pre\u0219edinte?!<\/p>\n<p>Nu \u0219tim cum a ajuns doamna Ardeleanu Cristina s\u0103 judece aceast\u0103 cauz\u0103 (contesta\u021bia lui C\u0103lin Georgescu privind anularea alegerilor preziden\u021biale &#8211; N.R.). Mai mult dec\u00e2t at\u00e2t, Georgiana Viorel s\u0103 preschimbe termenul. Doamna este so\u021bia unui avocat de la casa de avocatur\u0103 care s-a ocupat de procesele domnului Iohannis.<\/p>\n<p>Nu se \u00een\u021belege nimic din acest dosar, practic a fost o execu\u021bie sumar\u0103 pentru men\u021binerea \u00een func\u021bie a unor persoane care au pierdut alegerile&#8221;, a declarat avocata lui C\u0103lin Georgescu, Ingrid Mocanu, la Realitatea Plus.<\/p>","protected":false},"excerpt":{"rendered":"<p>&#8222;Speran\u021ba noastr\u0103 r\u0103m\u00e2ne tot in puterea judec\u0103toreasc\u0103 si orice ac\u021biune f\u0103cut\u0103 la judec\u0103torii de scaun&hellip;<\/p>\n","protected":false},"author":0,"featured_media":23812,"comment_status":"open","ping_status":"open","sticky":false,"template":"","format":"standard","meta":{"footnotes":""},"categories":[2],"tags":[],"class_list":["post-23817","post","type-post","status-publish","format-standard","has-post-thumbnail","hentry","category-actual"],"_links":{"self":[{"href":"https:\/\/247stiri.ro\/index.php\/wp-json\/wp\/v2\/posts\/23817","targetHints":{"allow":["GET"]}}],"collection":[{"href":"https:\/\/247stiri.ro\/index.php\/wp-json\/wp\/v2\/posts"}],"about":[{"href":"https:\/\/247stiri.ro\/index.php\/wp-json\/wp\/v2\/types\/post"}],"replies":[{"embeddable":true,"href":"https:\/\/247stiri.ro\/index.php\/wp-json\/wp\/v2\/comments?post=23817"}],"version-history":[{"count":0,"href":"https:\/\/247stiri.ro\/index.php\/wp-json\/wp\/v2\/posts\/23817\/revisions"}],"wp:featuredmedia":[{"embeddable":true,"href":"https:\/\/247stiri.ro\/index.php\/wp-json\/wp\/v2\/media\/23812"}],"wp:attachment":[{"href":"https:\/\/247stiri.ro\/index.php\/wp-json\/wp\/v2\/media?parent=23817"}],"wp:term":[{"taxonomy":"category","embeddable":true,"href":"https:\/\/247stiri.ro\/index.php\/wp-json\/wp\/v2\/categories?post=23817"},{"taxonomy":"post_tag","embeddable":true,"href":"https:\/\/247stiri.ro\/index.php\/wp-json\/wp\/v2\/tags?post=23817"}],"curies":[{"name":"wp","href":"https:\/\/api.w.org\/{rel}","templated":true}]}}