{"id":2382,"date":"2024-10-28T07:45:45","date_gmt":"2024-10-28T07:45:45","guid":{"rendered":"https:\/\/247stiri.ro\/index.php\/2024\/10\/28\/discutii-cruciale-la-ministerul-agriculturii-privind-plafonarea-ce-ii-asteapta-pe-romani-odata-intrata-in-vigoare-masura-efectul-contrar-celui-scontat\/"},"modified":"2024-10-28T07:45:45","modified_gmt":"2024-10-28T07:45:45","slug":"discutii-cruciale-la-ministerul-agriculturii-privind-plafonarea-ce-ii-asteapta-pe-romani-odata-intrata-in-vigoare-masura-efectul-contrar-celui-scontat","status":"publish","type":"post","link":"https:\/\/247stiri.ro\/index.php\/2024\/10\/28\/discutii-cruciale-la-ministerul-agriculturii-privind-plafonarea-ce-ii-asteapta-pe-romani-odata-intrata-in-vigoare-masura-efectul-contrar-celui-scontat\/","title":{"rendered":"Discu\u021bii cruciale la Ministerul Agriculturii privind PLAFONAREA. Ce \u00eei a\u0219teapt\u0103 pe rom\u00e2ni odat\u0103 intrat\u0103 \u00een vigoare m\u0103sura: efectul, contrar celui scontat"},"content":{"rendered":"<p>Vorbim despre un proiect care \u00ee\u0219i propune s\u0103 plafoneze adaosul comercial la toate alimentele procesate \u00een \u021bara noastr\u0103, indiferent dac\u0103 materia prim\u0103 este de la noi sau vine din import. Vorbim despre cote diferite de adaos \u00een magazine \u0219i pe \u00eentreg lan\u021bul de distribu\u021bie. \u00cen magazine, cota ar urma s\u0103 fie de 20 de procente, iar pe lansul de distribu\u021bie 10%, indiferent de num\u0103rul distribuitorilor.\u00a0<\/p>\n<p><a href=\"https:\/\/www.realitatea.net\/stiri\/actual\/documentul-exploziv-elaborat-de-guvern-pentru-plafonarea-preturilor-pe-lista-nu-apar-doar-alimentele_671a4e6677e44252ee4a0a12\" target=\"_blank\" rel=\"noopener\">Documentul exploziv elaborat de Guvern pentru plafonarea pre\u021burilor. Pe list\u0103 nu apar doar alimentele<\/a><\/p>\n<p>Vom avea, potrivit proiectului ob\u021binut de Realitatea PLUS pe surse, \u0219i o cot\u0103 de adaus de 5% pentru produsele care vin din import.\u00a0<\/p>\n<p>Imediat dup\u0103 apari\u021bia documentului \u00een spa\u021biul public, retailerii, procesatorii, dar \u0219i cei din industrie au spus c\u0103 este o m\u0103sur\u0103 ce ar putea avea efecte negative \u00een pia\u021b\u0103. Pe de o parte, vom vedea acelea\u0219i pre\u021buri \u0219i nu va mai exista concuren\u021b\u0103, nu vor mai exista oferte. Pe de alt\u0103 parte, ne a\u0219tept\u0103m la noi fenomene, precum scumpirea altor categorii de produse pentru a compensa aceast\u0103 m\u0103sur\u0103.\u00a0<\/p>\n<p>Au fost f\u0103cute \u0219i calcule. Dup\u0103 intrarea \u00een vigoare a m\u0103surii am putea vedea pre\u021buri mai mici la raft, \u00eens\u0103 ieftineri nesemnificative. Un\u00a0 kilogram de telemean, spre exemplu, ar putea s\u0103 fie mai ieftin doar cu 10 lei.\u00a0<\/p>\n<p>Ministrul Agriculturii urmeaz\u0103 s\u0103 discute \u00een aceast\u0103 s\u0103pt\u0103m\u00e2n\u0103 cu factorii implica\u021bi.\u00a0\u00a0<\/p>\n<p>\u00a0<\/p>","protected":false},"excerpt":{"rendered":"<p>Vorbim despre un proiect care \u00ee\u0219i propune s\u0103 plafoneze adaosul comercial la toate alimentele procesate&hellip;<\/p>\n","protected":false},"author":0,"featured_media":2383,"comment_status":"open","ping_status":"open","sticky":false,"template":"","format":"standard","meta":{"footnotes":""},"categories":[2],"tags":[],"class_list":["post-2382","post","type-post","status-publish","format-standard","has-post-thumbnail","hentry","category-actual"],"_links":{"self":[{"href":"https:\/\/247stiri.ro\/index.php\/wp-json\/wp\/v2\/posts\/2382","targetHints":{"allow":["GET"]}}],"collection":[{"href":"https:\/\/247stiri.ro\/index.php\/wp-json\/wp\/v2\/posts"}],"about":[{"href":"https:\/\/247stiri.ro\/index.php\/wp-json\/wp\/v2\/types\/post"}],"replies":[{"embeddable":true,"href":"https:\/\/247stiri.ro\/index.php\/wp-json\/wp\/v2\/comments?post=2382"}],"version-history":[{"count":0,"href":"https:\/\/247stiri.ro\/index.php\/wp-json\/wp\/v2\/posts\/2382\/revisions"}],"wp:featuredmedia":[{"embeddable":true,"href":"https:\/\/247stiri.ro\/index.php\/wp-json\/wp\/v2\/media\/2383"}],"wp:attachment":[{"href":"https:\/\/247stiri.ro\/index.php\/wp-json\/wp\/v2\/media?parent=2382"}],"wp:term":[{"taxonomy":"category","embeddable":true,"href":"https:\/\/247stiri.ro\/index.php\/wp-json\/wp\/v2\/categories?post=2382"},{"taxonomy":"post_tag","embeddable":true,"href":"https:\/\/247stiri.ro\/index.php\/wp-json\/wp\/v2\/tags?post=2382"}],"curies":[{"name":"wp","href":"https:\/\/api.w.org\/{rel}","templated":true}]}}