{"id":23869,"date":"2025-01-13T22:45:37","date_gmt":"2025-01-13T22:45:37","guid":{"rendered":"https:\/\/247stiri.ro\/index.php\/2025\/01\/13\/maia-morgenstern-in-mijlocul-unui-scandal-de-proportii-de-ce-a-fost-contestata-la-teatrul-evreiesc-de-stat-ce-cauti-tu-aici\/"},"modified":"2025-01-13T22:45:37","modified_gmt":"2025-01-13T22:45:37","slug":"maia-morgenstern-in-mijlocul-unui-scandal-de-proportii-de-ce-a-fost-contestata-la-teatrul-evreiesc-de-stat-ce-cauti-tu-aici","status":"publish","type":"post","link":"https:\/\/247stiri.ro\/index.php\/2025\/01\/13\/maia-morgenstern-in-mijlocul-unui-scandal-de-proportii-de-ce-a-fost-contestata-la-teatrul-evreiesc-de-stat-ce-cauti-tu-aici\/","title":{"rendered":"Maia Morgenstern, \u00een mijlocul unui scandal de propor\u021bii. De ce a fost contestat\u0103 la Teatrul Evreiesc de Stat: \u201eCe cau\u021bi tu aici?\u201d"},"content":{"rendered":"<p>\u201eMi-a fost pus sub semnul \u00eentreb\u0103rii dreptul de a munci \u00een teatru ca actri\u021b\u0103. \u00abCe cau\u021bi tu aici?\u00bb Am fost \u00eentrebat\u0103. Am t\u0103cut, dar mi-a stat mintea \u00een loc.\u201d<\/p>\n<p>Reac\u021bii din lumea artistic\u0103<\/p>\n<p>Mesajul postat de <a href=\"https:\/\/www.realitatea.net\/stiri\/actual\/ce-a-patit-maia-morgenstern-la-premiera-filmului-patimile-lui-hristos-neau-dat-pijamale-in-avion_676d10fcaa249a1c212d3db2\" target=\"_blank\">Maia Morgenstern<\/a> a st\u00e2rnit un val de sus\u021binere din partea colegilor de breasl\u0103 \u0219i a personalit\u0103\u021bilor culturale. Oana Pellea, Emilia Popescu, Chris Simion-Mercurian \u0219i mul\u021bi al\u021bii \u0219i-au exprimat solidaritatea \u0219i indignarea fa\u021b\u0103 de situa\u021bia descris\u0103.<\/p>\n<p>\u201eCum este posibil\u0103 o astfel de mizerie? Este inadmisibil!\u201d, a scris Oana Pellea, care a propus chiar organizarea unui protest \u00een fa\u021ba TES. Regizorul Lauren\u021biu Damian a ad\u0103ugat: \u201e\u00cen teatru, nu te duci la serviciu, ci \u00ee\u021bi urmezi destinul. C\u00e2nd spui unui actor \u00abCe cau\u021bi \u00een teatru?\u00bb Este ca \u0219i cum i-ai spune \u00abCe mai cau\u021bi \u00een via\u021b\u0103?\u00bb\u201d<\/p>\n<p>Maia Morgenstern, atacat\u0103 \u0219i sus\u021binut\u0103<\/p>\n<p>Actri\u021ba a refuzat s\u0103 dezv\u0103luie numele persoanei care i-a contestat prezen\u021ba \u00een teatru, preciz\u00e2nd c\u0103 nu dore\u0219te s\u0103 creeze un lin\u0219aj public.\u00a0<\/p>\n<p>\u201eAst\u0103zi, c\u00e2nd am ajuns \u00een teatru, la munc\u0103, la repeti\u021bie mi-a fost contestat dreptul de a intra. De a m\u0103 afla \u00een incinta Teatrului, Teatrul Evreiesc de Stat, unde muncesc de 45 de ani. Se pune sub semnul \u00eentreb\u0103rii dreptul meu a munci \u00een teatru, ca actri\u021b\u0103. &#8222;Ce cau\u021bi tu aici? De ce e\u015fti tu ast\u0103zi aici? Cu ce drept?&#8221;, am fost \u00eentrebat\u0103. Am preferat s\u0103 m\u0103 strecor pe l\u00e2ng\u0103 pere\u0163i. S\u0103 nu r\u0103spund. S\u0103 nu dezvolt un conflict. S\u0103 nu r\u0103spund la agresivitate. Dar mi-a stat mintea \u00een loc. Am t\u0103cut. Am gre\u015fit. De mult\u0103 vreme sunt supus\u0103 unor atacuri imunde, mizerabile. Nedemne. Calomnioase. Def\u0103imare. Am \u00eencercat s\u0103 nu pun la suflet. S\u0103 m\u0103 fac c\u0103 nu observ. Te pui cu to\u0163i&#8230;treci, drag\u0103, mai departe! M\u0103 sf\u0103tuiau mul\u0163i. Cred c-am gre\u015fit. E prea mult. E oribil. Copiii mei au fost alunga\u0163i din TES. Acum e r\u00e2ndul meu?!\u201d, a scris celebra actri\u021b\u0103 \u00een mediul online.<\/p>\n<p>De asemenea, Maia Morgenstern a subliniat c\u0103 incidentul face parte dintr-o serie mai ampl\u0103 de atacuri \u0219i calomnii la adresa sa, conform news.ro.\u00a0<\/p>\n<p><a href=\"https:\/\/www.realitatea.net\/stiri\/actual\/maia-morgenstern-reactie-in-cazul-violatorului-kristof-lajos-simt-cami-fuge-pamantul-de-sub-picioare-nu-stii-in-cine-sa-mai-ai-incredere_669d066c24f9ed2ae149b9b2\" target=\"_blank\">Maia Morgenstern<\/a> \u0219i-a depus demisia din func\u021bia de manager al TES \u00een noiembrie 2024, potrivit unui comunicat emis de institu\u021bia teatral\u0103. Demisia sa este \u00een prezent \u00een curs de evaluare de c\u0103tre Prim\u0103ria Municipiului Bucure\u0219ti, iar decizia final\u0103 urmeaz\u0103 s\u0103 fie anun\u021bat\u0103 oficial.<\/p>\n<p>\u201eEu mi-am depus demisia, dar nu asta este problema. Venisem la munc\u0103, ca actri\u021b\u0103, la repeti\u021bii, \u0219i am fost \u00eentrebat\u0103 cu ce drept sunt aici. Este revolt\u0103tor\u201d, a explicat artista.<\/p>\n<p>Mesajul actri\u021bei: non-violen\u021b\u0103 \u0219i demnitate<\/p>\n<p>\u00cen fa\u021ba acestor agresiuni, Maia Morgenstern a ales o pozi\u021bie ferm\u0103, dar demn\u0103. \u201eVoi alege mereu non-violen\u021ba. Voi continua s\u0103 merg la teatru, s\u0103 muncesc, s\u0103 repet, s\u0103 exist cu demnitate \u0219i curaj. Nu voi c\u0103dea \u00een capcana provoc\u0103rilor sau a denun\u021burilor publice.\u201d<\/p>\n<p>Actri\u021ba a reiterat c\u0103 principalul ei scop r\u0103m\u00e2ne dedicarea fa\u021b\u0103 de teatru \u0219i art\u0103, indiferent de obstacole. R\u0103m\u00e2ne de v\u0103zut cum va evolua acest conflict, dar sprijinul primit din partea lumii artistice subliniaz\u0103 respectul \u0219i aprecierea de care Maia Morgenstern se bucur\u0103 \u00een Rom\u00e2nia \u0219i pe plan interna\u021bional.<\/p>\n<p>\u00a0<\/p>","protected":false},"excerpt":{"rendered":"<p>\u201eMi-a fost pus sub semnul \u00eentreb\u0103rii dreptul de a munci \u00een teatru ca actri\u021b\u0103. \u00abCe&hellip;<\/p>\n","protected":false},"author":0,"featured_media":23870,"comment_status":"open","ping_status":"open","sticky":false,"template":"","format":"standard","meta":{"footnotes":""},"categories":[2],"tags":[],"class_list":["post-23869","post","type-post","status-publish","format-standard","has-post-thumbnail","hentry","category-actual"],"_links":{"self":[{"href":"https:\/\/247stiri.ro\/index.php\/wp-json\/wp\/v2\/posts\/23869","targetHints":{"allow":["GET"]}}],"collection":[{"href":"https:\/\/247stiri.ro\/index.php\/wp-json\/wp\/v2\/posts"}],"about":[{"href":"https:\/\/247stiri.ro\/index.php\/wp-json\/wp\/v2\/types\/post"}],"replies":[{"embeddable":true,"href":"https:\/\/247stiri.ro\/index.php\/wp-json\/wp\/v2\/comments?post=23869"}],"version-history":[{"count":0,"href":"https:\/\/247stiri.ro\/index.php\/wp-json\/wp\/v2\/posts\/23869\/revisions"}],"wp:featuredmedia":[{"embeddable":true,"href":"https:\/\/247stiri.ro\/index.php\/wp-json\/wp\/v2\/media\/23870"}],"wp:attachment":[{"href":"https:\/\/247stiri.ro\/index.php\/wp-json\/wp\/v2\/media?parent=23869"}],"wp:term":[{"taxonomy":"category","embeddable":true,"href":"https:\/\/247stiri.ro\/index.php\/wp-json\/wp\/v2\/categories?post=23869"},{"taxonomy":"post_tag","embeddable":true,"href":"https:\/\/247stiri.ro\/index.php\/wp-json\/wp\/v2\/tags?post=23869"}],"curies":[{"name":"wp","href":"https:\/\/api.w.org\/{rel}","templated":true}]}}