{"id":23871,"date":"2025-01-13T22:45:38","date_gmt":"2025-01-13T22:45:38","guid":{"rendered":"https:\/\/247stiri.ro\/index.php\/2025\/01\/13\/cu-se-ce-s-a-laudat-joe-biden-in-penultimul-sau-discurs-de-la-casa-alba-video\/"},"modified":"2025-01-13T22:45:38","modified_gmt":"2025-01-13T22:45:38","slug":"cu-se-ce-s-a-laudat-joe-biden-in-penultimul-sau-discurs-de-la-casa-alba-video","status":"publish","type":"post","link":"https:\/\/247stiri.ro\/index.php\/2025\/01\/13\/cu-se-ce-s-a-laudat-joe-biden-in-penultimul-sau-discurs-de-la-casa-alba-video\/","title":{"rendered":"Cu se ce s-a l\u0103udat Joe Biden \u00een penultimul s\u0103u discurs de la Casa Alb\u0103 &#8211; VIDEO"},"content":{"rendered":"<p>Biden a afirmat c\u0103 datorit\u0103 activit\u0103\u0163ii administra\u0163iei sale din ultimii patru ani Statele Unite sunt \u00een prezent lider \u00een &#8222;competi\u0163ia interna\u0163ional\u0103&#8221;, relateaz\u0103 AFP citat\u0103 de Agerpres.<\/p>\n<p>\u00a0<\/p>\n<p>\u201eAmerica este mai puternic\u0103, alian\u0163ele noastre sunt mai puternice, adversarii \u015fi concuren\u0163ii no\u015ftri sunt mai slabi\u201d, a afirmat pre\u015fedintele american \u00een exerci\u0163iu \u00een cadrul unui discurs rostit la Departamentul de Stat, cu o s\u0103pt\u0103m\u00e2n\u0103 \u00eenainte de inaugurarea lui Donald Trump.<\/p>\n<p>\u00a0\u00a0El a afirmat, de asemenea, c\u0103 \u0163ara sa \u015fi alia\u0163ii s\u0103i occidentali &#8222;nu pot abandona&#8221; Ucraina \u00een r\u0103zboiul \u00eempotriva Rusiei. &#8222;Noi i-am ajutat pe ucraineni s\u0103-l opreasc\u0103 (pe pre\u015fedintele rus Vladimir) Putin. Iar trei ani mai t\u00e2rziu, Putin a e\u015fuat \u00een toate obiectivele sale strategice (&#8230;) A e\u015fuat datorit\u0103 unit\u0103\u0163ii NATO (&#8230;) Nu putem renun\u0163a&#8221;, a insistat liderul democrat.\u00a0\u00a0<\/p>\n<p>China nu va dep\u0103\u015fi &#8222;niciodat\u0103&#8221; Statele Unite \u00een domeniul economic, a men\u0163ionat Biden, \u00een timp ce \u00eentoarcerea lui Donald Trump la Casa Alb\u0103 ridic\u0103 temeri cu privire la o reapari\u0163ie a tensiunilor comerciale \u00eentre cele dou\u0103 puteri. &#8222;Conform ultimelor previziuni, av\u00e2nd \u00een vedere traiectoria actual\u0103 a Chinei, nu ne vor dep\u0103\u015fi niciodat\u0103. Punct&#8221;, a spus pre\u015fedintele american \u00een exerci\u0163iu.<\/p>\n<p>Totodat\u0103, el a afirmat c\u0103 un acord privind un armisti\u0163iu \u00een Gaza \u00eentre Israel \u015fi mi\u015fcarea palestinian\u0103 Hamas este &#8222;pe punctul&#8221; de a fi \u00eencheiat. &#8222;Suntem pe punctul de a vedea o propunere, pe care am prezentat-o \u00een detaliu \u00een urm\u0103 cu c\u00e2teva luni, concretizat\u0103 \u00een sf\u00e2r\u015fit&#8221;, a declarat Biden, afirm\u00e2nd c\u0103 administra\u0163ia sa ac\u0163ioneaz\u0103 &#8222;urgent&#8221; pentru a se ajunge la un acord.<\/p>\n<p>\u00a0<\/p>","protected":false},"excerpt":{"rendered":"<p>Biden a afirmat c\u0103 datorit\u0103 activit\u0103\u0163ii administra\u0163iei sale din ultimii patru ani Statele Unite sunt&hellip;<\/p>\n","protected":false},"author":0,"featured_media":23868,"comment_status":"open","ping_status":"open","sticky":false,"template":"","format":"standard","meta":{"footnotes":""},"categories":[2],"tags":[],"class_list":["post-23871","post","type-post","status-publish","format-standard","has-post-thumbnail","hentry","category-actual"],"_links":{"self":[{"href":"https:\/\/247stiri.ro\/index.php\/wp-json\/wp\/v2\/posts\/23871","targetHints":{"allow":["GET"]}}],"collection":[{"href":"https:\/\/247stiri.ro\/index.php\/wp-json\/wp\/v2\/posts"}],"about":[{"href":"https:\/\/247stiri.ro\/index.php\/wp-json\/wp\/v2\/types\/post"}],"replies":[{"embeddable":true,"href":"https:\/\/247stiri.ro\/index.php\/wp-json\/wp\/v2\/comments?post=23871"}],"version-history":[{"count":0,"href":"https:\/\/247stiri.ro\/index.php\/wp-json\/wp\/v2\/posts\/23871\/revisions"}],"wp:featuredmedia":[{"embeddable":true,"href":"https:\/\/247stiri.ro\/index.php\/wp-json\/wp\/v2\/media\/23868"}],"wp:attachment":[{"href":"https:\/\/247stiri.ro\/index.php\/wp-json\/wp\/v2\/media?parent=23871"}],"wp:term":[{"taxonomy":"category","embeddable":true,"href":"https:\/\/247stiri.ro\/index.php\/wp-json\/wp\/v2\/categories?post=23871"},{"taxonomy":"post_tag","embeddable":true,"href":"https:\/\/247stiri.ro\/index.php\/wp-json\/wp\/v2\/tags?post=23871"}],"curies":[{"name":"wp","href":"https:\/\/api.w.org\/{rel}","templated":true}]}}