{"id":23883,"date":"2025-01-14T05:45:12","date_gmt":"2025-01-14T05:45:12","guid":{"rendered":"https:\/\/247stiri.ro\/index.php\/2025\/01\/14\/sedinta-cruciala-la-curtea-de-apel-soarta-alegerilor-ar-putea-fi-schimbata-ce-se-intampla-cu-turul-2-al-prezidentialelor\/"},"modified":"2025-01-14T05:45:12","modified_gmt":"2025-01-14T05:45:12","slug":"sedinta-cruciala-la-curtea-de-apel-soarta-alegerilor-ar-putea-fi-schimbata-ce-se-intampla-cu-turul-2-al-prezidentialelor","status":"publish","type":"post","link":"https:\/\/247stiri.ro\/index.php\/2025\/01\/14\/sedinta-cruciala-la-curtea-de-apel-soarta-alegerilor-ar-putea-fi-schimbata-ce-se-intampla-cu-turul-2-al-prezidentialelor\/","title":{"rendered":"\u0218edin\u021b\u0103 crucial\u0103 la Curtea de Apel: soarta alegerilor ar putea fi schimbat\u0103 &#8211; ce se \u00eent\u00e2mpl\u0103 cu turul 2 al preziden\u021bialelor"},"content":{"rendered":"<p>Ast\u0103zi se judec\u0103 la Curtea de Apel Bucure\u0219ti recursul \u00een procesul anul\u0103rii turului 2 al alegerilor preziden\u021biale.\u00a0<\/p>\n<p>Se cere contestarea hot\u0103r\u00e2rii CCR din 6 decembrie ca fiind una neconstitu\u021bional\u0103, nelegal\u0103 \u0219i abuziv\u0103.\u00a0<\/p>\n<p><a href=\"https:\/\/www.realitatea.net\/stiri\/politica\/avocata-lui-calin-georgescu-dezvaluie-detaliul-care-ar-putea-schimba-soarta-alegerilor_6784fc7cf6063a2bf60207a3\" target=\"_blank\">Avocata lui C\u0103lin Georgescu dezv\u0103luie detaliul care ar putea schimba soarta alegerilor<\/a><\/p>\n<p>Avocatul care a ini\u021biat aceast\u0103 contesta\u021bie cere judec\u0103torilor s\u0103 dea o erat\u0103 prin care turul 2 al alegerilor preziden\u021biale s\u0103 fie reluat cu C\u0103lin georgescu \u0219i Elena Lasconi.\u00a0<\/p>","protected":false},"excerpt":{"rendered":"<p>Ast\u0103zi se judec\u0103 la Curtea de Apel Bucure\u0219ti recursul \u00een procesul anul\u0103rii turului 2 al&hellip;<\/p>\n","protected":false},"author":0,"featured_media":23884,"comment_status":"open","ping_status":"open","sticky":false,"template":"","format":"standard","meta":{"footnotes":""},"categories":[3],"tags":[],"class_list":["post-23883","post","type-post","status-publish","format-standard","has-post-thumbnail","hentry","category-politica"],"_links":{"self":[{"href":"https:\/\/247stiri.ro\/index.php\/wp-json\/wp\/v2\/posts\/23883","targetHints":{"allow":["GET"]}}],"collection":[{"href":"https:\/\/247stiri.ro\/index.php\/wp-json\/wp\/v2\/posts"}],"about":[{"href":"https:\/\/247stiri.ro\/index.php\/wp-json\/wp\/v2\/types\/post"}],"replies":[{"embeddable":true,"href":"https:\/\/247stiri.ro\/index.php\/wp-json\/wp\/v2\/comments?post=23883"}],"version-history":[{"count":0,"href":"https:\/\/247stiri.ro\/index.php\/wp-json\/wp\/v2\/posts\/23883\/revisions"}],"wp:featuredmedia":[{"embeddable":true,"href":"https:\/\/247stiri.ro\/index.php\/wp-json\/wp\/v2\/media\/23884"}],"wp:attachment":[{"href":"https:\/\/247stiri.ro\/index.php\/wp-json\/wp\/v2\/media?parent=23883"}],"wp:term":[{"taxonomy":"category","embeddable":true,"href":"https:\/\/247stiri.ro\/index.php\/wp-json\/wp\/v2\/categories?post=23883"},{"taxonomy":"post_tag","embeddable":true,"href":"https:\/\/247stiri.ro\/index.php\/wp-json\/wp\/v2\/tags?post=23883"}],"curies":[{"name":"wp","href":"https:\/\/api.w.org\/{rel}","templated":true}]}}