{"id":23940,"date":"2025-01-14T08:44:57","date_gmt":"2025-01-14T08:44:57","guid":{"rendered":"https:\/\/247stiri.ro\/index.php\/2025\/01\/14\/dezvaluiri-bomba-cum-a-decis-george-simion-sa-intre-in-politica-am-primit-oferte-ca-sa-fiu-deputat-de-la-toate-partidele\/"},"modified":"2025-01-14T08:44:57","modified_gmt":"2025-01-14T08:44:57","slug":"dezvaluiri-bomba-cum-a-decis-george-simion-sa-intre-in-politica-am-primit-oferte-ca-sa-fiu-deputat-de-la-toate-partidele","status":"publish","type":"post","link":"https:\/\/247stiri.ro\/index.php\/2025\/01\/14\/dezvaluiri-bomba-cum-a-decis-george-simion-sa-intre-in-politica-am-primit-oferte-ca-sa-fiu-deputat-de-la-toate-partidele\/","title":{"rendered":"DEZV\u0102LUIRI-BOMB\u0102. Cum a decis George Simion s\u0103 intre \u00een politic\u0103: Am primit OFERTE ca s\u0103 fiu deputat de la toate partidele"},"content":{"rendered":"<p>Mihai Belu: C\u00e2nd ai decis s\u0103 \u00ee\u021bi dedici via\u021ba unei activit\u0103\u021bi civice? \u0218i cum a fost luat\u0103 decizia asta?\u00a0<\/p>\n<p>George Simion: \u00centotdeauna am fost un rebel, s\u0103 zic a\u0219a, \u0219i din liceu mergeam la meciuri de fotbal, de unde legenda urban\u0103 c\u0103 am fost \u0219ef de galerie. Nu am fost niciodat\u0103 \u0219ef de galerie. Am fost la un protest legat de uciderea lui Teo Peter. F\u0103pta\u0219ul nu a fost tras la r\u0103spundere.<\/p>\n<p>La fel, \u00eemi zisese un prieten, un cunoscut despre ce s-a \u00eent\u00e2mplat la Ro\u0219ia Montan\u0103.\u00a0<\/p>\n<p>Au fost oameni de dreapta, de st\u00e2nga, de extrem\u0103 st\u00e2ng\u0103, de extrem\u0103 dreapt\u0103 acolo, la Ro\u0219ia Montan\u0103, pentru un ideal \u0219i sunt m\u00e2ndru c\u0103 mi-am adus \u0219i eu contribu\u021bia \u0219i imediat vor s\u0103ri unii s\u0103 spun\u0103 c\u0103 Simion este soro\u0219ist pentru c\u0103 a participat la protestele pentru Ro\u0219ia Montan\u0103. Eu am participat \u0219i activ chiar la toate protestele de atunci din timpul liceului, studen\u021biei \u0219i mai departe. Am primit oferte s\u0103 fiu deputat \u00een 2016 cam de la toate partidele. Nu m-a interesat. <\/p>\n<p>Le-am spus membrilor de partid c\u0103 suntem aici pentru \u021bar\u0103, nu pentru ei. C\u0103 nu ne ded\u0103m la sinecuri. C\u0103 au \u00een\u021beles sau nu, eu nu vreau s\u0103 fie surprin\u0219i.\u00a0<\/p>\n\n<p>Nu m\u0103 intereseaz\u0103 s\u0103 parazitez, s\u0103 fiu un tr\u00e2ntor, o musc\u0103 pe spatele boului care trage. \u0218i nici cealalt\u0103 retoric\u0103 folosit\u0103 de B\u0103sescu nu mi se pare corect\u0103. Omul gras, de la stat, care st\u0103 \u00een spatele omului slab. Nu. La stat sunt angaja\u021bi profesori, cadre medicale, cadre militare. Exista multe probleme si acolo. Justi\u021bia nu este func\u021bional\u0103. Instan\u021bele de multe ori nu fac dreptate oamenilor. Sunt mul\u021bi care se r\u0103t\u0103cesc pe culoarele justi\u021biei. \u0102sta e primul obiectiv.\u00a0<\/p>\n<p>Noi nu trebuie s\u0103 l\u0103s\u0103m lucrurile s\u0103 degenereze cum au degenerat. Din ce \u00een ce mai nefunc\u021bional\u0103 este Rom\u00e2nia, pentru c\u0103 i-am l\u0103sat pe Ciolacu \u0219i al\u021bii ca el s\u0103 fac\u0103 arogan\u021be de la jet-uri private la jet-uri publice.\u00a0<\/p>\n<p>A\u0219 putea spune c\u0103 nu are diplom\u0103 de BAC. El a spus c\u0103 nu o are, dar are o dovad\u0103, dar nici acea dovad\u0103 nu a fost prezentat\u0103. Atrag aten\u021bia aici c\u0103 Marcel Ciolacu a f\u0103cut un trafic de influen\u021b\u0103 acolo. A spus c\u0103 a fost sunat de la Buz\u0103u s\u0103 i se spun\u0103 c\u0103 e o cerere pentru informa\u021bii publice despre diploma sa. \u0218i ce s\u0103 fac\u0103. P\u0103i e\u0219ti inspectoratul \u0219colar jude\u021bean. \u00centr-adev\u0103r la inspectorat este adjuncta de la PSD din Buz\u0103u. \u0218i tu suni, \u00eel suni pe primul ministru ce s\u0103 fac cu asta? P\u0103i ce s\u0103 faci? R\u0103spunzi conform legii.\u00a0\u00a0<\/p>","protected":false},"excerpt":{"rendered":"<p>Mihai Belu: C\u00e2nd ai decis s\u0103 \u00ee\u021bi dedici via\u021ba unei activit\u0103\u021bi civice? \u0218i cum a&hellip;<\/p>\n","protected":false},"author":0,"featured_media":23941,"comment_status":"open","ping_status":"open","sticky":false,"template":"","format":"standard","meta":{"footnotes":""},"categories":[3],"tags":[],"class_list":["post-23940","post","type-post","status-publish","format-standard","has-post-thumbnail","hentry","category-politica"],"_links":{"self":[{"href":"https:\/\/247stiri.ro\/index.php\/wp-json\/wp\/v2\/posts\/23940","targetHints":{"allow":["GET"]}}],"collection":[{"href":"https:\/\/247stiri.ro\/index.php\/wp-json\/wp\/v2\/posts"}],"about":[{"href":"https:\/\/247stiri.ro\/index.php\/wp-json\/wp\/v2\/types\/post"}],"replies":[{"embeddable":true,"href":"https:\/\/247stiri.ro\/index.php\/wp-json\/wp\/v2\/comments?post=23940"}],"version-history":[{"count":0,"href":"https:\/\/247stiri.ro\/index.php\/wp-json\/wp\/v2\/posts\/23940\/revisions"}],"wp:featuredmedia":[{"embeddable":true,"href":"https:\/\/247stiri.ro\/index.php\/wp-json\/wp\/v2\/media\/23941"}],"wp:attachment":[{"href":"https:\/\/247stiri.ro\/index.php\/wp-json\/wp\/v2\/media?parent=23940"}],"wp:term":[{"taxonomy":"category","embeddable":true,"href":"https:\/\/247stiri.ro\/index.php\/wp-json\/wp\/v2\/categories?post=23940"},{"taxonomy":"post_tag","embeddable":true,"href":"https:\/\/247stiri.ro\/index.php\/wp-json\/wp\/v2\/tags?post=23940"}],"curies":[{"name":"wp","href":"https:\/\/api.w.org\/{rel}","templated":true}]}}