{"id":23948,"date":"2025-01-14T08:44:59","date_gmt":"2025-01-14T08:44:59","guid":{"rendered":"https:\/\/247stiri.ro\/index.php\/2025\/01\/14\/astazi-expira-controul-judiciar-in-mega-dosarul-generalilor-coldea-dumbrava-zi-de-cruciala-pentru-statul-paralel\/"},"modified":"2025-01-14T08:44:59","modified_gmt":"2025-01-14T08:44:59","slug":"astazi-expira-controul-judiciar-in-mega-dosarul-generalilor-coldea-dumbrava-zi-de-cruciala-pentru-statul-paralel","status":"publish","type":"post","link":"https:\/\/247stiri.ro\/index.php\/2025\/01\/14\/astazi-expira-controul-judiciar-in-mega-dosarul-generalilor-coldea-dumbrava-zi-de-cruciala-pentru-statul-paralel\/","title":{"rendered":"Ast\u0103zi expir\u0103 CONTROUL JUDICIAR \u00een mega-dosarul generalilor Coldea-Dumbrav\u0103. Zi de crucial\u0103 pentru Statul Paralel"},"content":{"rendered":"<p>Sunt foarte multe controverse care planeaz\u0103 asupra dosarului destructur\u0103rii Statului Paralel, care se afl\u0103 \u00een aceste momente pe masa procurorilor DNA.<\/p>\n<p>Ast\u0103zi expir\u0103 controlul judiciar pentru cei 4 inculpa\u021bi,respectiv pentru generalii Florian Coldea, Dumitru Dumbrav\u0103, Doru Tr\u0103il\u0103, dar \u0219i Dan Tocaci.<\/p>\n<p>Av\u00e2nd \u00een vedere c\u0103 sunt foarte multe acuza\u021bii pe numele lor, iar \u00een ultima perioad\u0103 chiar s-au adus pe masa procurorilor noi probe, potrivit c\u0103rora Florian Coldea ar fi \u00eenc\u0103lcat controlul judiciar, \u0219i asta deoarece au fost trimi\u0219i doi intermediari la C\u0103t\u0103lin Hideg &#8211; martorul denun\u021b\u0103tor principal &#8211; care ar fi \u00eencercat s\u0103-l conving\u0103 pe acesta s\u0103-\u0219i retrag\u0103 pl\u00e2ngerile, dar \u0219i probele. Ce nu \u0219tiau ei \u00eens\u0103 este faptul c\u0103 au fost \u00eenregistra\u021bi \u0219i inclusiv aceast\u0103 \u00eenregistrare este analizat\u0103 de procurori.<\/p>\n<p>Urmeaz\u0103 s\u0103 fie audia\u021bi ast\u0103zi, conform unor surse citate de Realitatea PLUS, mai mul\u021bi martori, iar \u00een zilele urm\u0103toare s\u0103 vin\u0103 inclusiv martorul-denun\u021b\u0103tor C\u0103t\u0103lin Hideg la DNA pentru o declara\u021bie final\u0103.\u00a0<\/p>\n<p>R\u0103m\u00e2ne de v\u0103zut c\u00e2nd va fi trimis dosarul \u00een judecat\u0103 \u0219i dac\u0103 va fi prelungit controlul judiciar. \u00cen cazul \u00een care nu vor r\u0103m\u00e2ne sub m\u0103sura preventiv\u0103, ace\u0219tia vor fi cerceta\u021bi \u00een stare de libertate sau se poate dispune o alt\u0103 m\u0103sura mai dur\u0103 pentru cei 4 inculpa\u021bi.\u00a0<\/p>\n<p>\u00a0<\/p>","protected":false},"excerpt":{"rendered":"<p>Sunt foarte multe controverse care planeaz\u0103 asupra dosarului destructur\u0103rii Statului Paralel, care se afl\u0103 \u00een&hellip;<\/p>\n","protected":false},"author":0,"featured_media":23939,"comment_status":"open","ping_status":"open","sticky":false,"template":"","format":"standard","meta":{"footnotes":""},"categories":[2],"tags":[],"class_list":["post-23948","post","type-post","status-publish","format-standard","has-post-thumbnail","hentry","category-actual"],"_links":{"self":[{"href":"https:\/\/247stiri.ro\/index.php\/wp-json\/wp\/v2\/posts\/23948","targetHints":{"allow":["GET"]}}],"collection":[{"href":"https:\/\/247stiri.ro\/index.php\/wp-json\/wp\/v2\/posts"}],"about":[{"href":"https:\/\/247stiri.ro\/index.php\/wp-json\/wp\/v2\/types\/post"}],"replies":[{"embeddable":true,"href":"https:\/\/247stiri.ro\/index.php\/wp-json\/wp\/v2\/comments?post=23948"}],"version-history":[{"count":0,"href":"https:\/\/247stiri.ro\/index.php\/wp-json\/wp\/v2\/posts\/23948\/revisions"}],"wp:featuredmedia":[{"embeddable":true,"href":"https:\/\/247stiri.ro\/index.php\/wp-json\/wp\/v2\/media\/23939"}],"wp:attachment":[{"href":"https:\/\/247stiri.ro\/index.php\/wp-json\/wp\/v2\/media?parent=23948"}],"wp:term":[{"taxonomy":"category","embeddable":true,"href":"https:\/\/247stiri.ro\/index.php\/wp-json\/wp\/v2\/categories?post=23948"},{"taxonomy":"post_tag","embeddable":true,"href":"https:\/\/247stiri.ro\/index.php\/wp-json\/wp\/v2\/tags?post=23948"}],"curies":[{"name":"wp","href":"https:\/\/api.w.org\/{rel}","templated":true}]}}