{"id":23957,"date":"2025-01-14T09:44:59","date_gmt":"2025-01-14T09:44:59","guid":{"rendered":"https:\/\/247stiri.ro\/index.php\/2025\/01\/14\/incendiu-puternic-intr-o-parcarea-din-piatra-neamt-3-masini-au-fost-afectate\/"},"modified":"2025-01-14T09:44:59","modified_gmt":"2025-01-14T09:44:59","slug":"incendiu-puternic-intr-o-parcarea-din-piatra-neamt-3-masini-au-fost-afectate","status":"publish","type":"post","link":"https:\/\/247stiri.ro\/index.php\/2025\/01\/14\/incendiu-puternic-intr-o-parcarea-din-piatra-neamt-3-masini-au-fost-afectate\/","title":{"rendered":"Incendiu puternic \u00eentr-o parcarea din Piatra-Neam\u021b: 3 ma\u0219ini au fost afectate"},"content":{"rendered":"<p>&#8222;Ajun\u0219i la locul indicat, pompierii au constatat c\u0103 incendiul se manifesta la dou\u0103 autoturisme, exist\u00e2nd posibilitatea propag\u0103rii \u0219i la alt autoturism. S-a ac\u021bionat pentru localizarea \u0219i lichidarea incendiului \u00een urma c\u0103ruia au ars elementele combustibile din componen\u021ba compartimentului motor \u0219i o parte din habitaclu \u0219i s-au deteriorat capota \u0219i farurile unuia dintre autoturisme, iar la cel\u0103lalt autoturism au ars o parte din elementele combustibile din componen\u021ba compartimentul motor \u0219i o roat\u0103&#8221;, a declarat purt\u0103torul de cuv\u00e2nt al ISU Neam\u021b, c\u0103pitanul Irina Popa.<\/p>\n<p>De incendiu a fost afectat \u0219i un al treilea autoturism, \u0219i acesta suferind pagube materiale. Vorbim aici despre farul, spoilerul \u0219i aripa de pe partea dreapt\u0103, care au fost avariate.<\/p>\n<p>Din informa\u021biile existente, cauza probabil\u0103 de producere a incendiului a fost scurtcircuitul la unul dintre autoturisme.<\/p>","protected":false},"excerpt":{"rendered":"<p>&#8222;Ajun\u0219i la locul indicat, pompierii au constatat c\u0103 incendiul se manifesta la dou\u0103 autoturisme, exist\u00e2nd&hellip;<\/p>\n","protected":false},"author":0,"featured_media":23958,"comment_status":"open","ping_status":"open","sticky":false,"template":"","format":"standard","meta":{"footnotes":""},"categories":[2],"tags":[],"class_list":["post-23957","post","type-post","status-publish","format-standard","has-post-thumbnail","hentry","category-actual"],"_links":{"self":[{"href":"https:\/\/247stiri.ro\/index.php\/wp-json\/wp\/v2\/posts\/23957","targetHints":{"allow":["GET"]}}],"collection":[{"href":"https:\/\/247stiri.ro\/index.php\/wp-json\/wp\/v2\/posts"}],"about":[{"href":"https:\/\/247stiri.ro\/index.php\/wp-json\/wp\/v2\/types\/post"}],"replies":[{"embeddable":true,"href":"https:\/\/247stiri.ro\/index.php\/wp-json\/wp\/v2\/comments?post=23957"}],"version-history":[{"count":0,"href":"https:\/\/247stiri.ro\/index.php\/wp-json\/wp\/v2\/posts\/23957\/revisions"}],"wp:featuredmedia":[{"embeddable":true,"href":"https:\/\/247stiri.ro\/index.php\/wp-json\/wp\/v2\/media\/23958"}],"wp:attachment":[{"href":"https:\/\/247stiri.ro\/index.php\/wp-json\/wp\/v2\/media?parent=23957"}],"wp:term":[{"taxonomy":"category","embeddable":true,"href":"https:\/\/247stiri.ro\/index.php\/wp-json\/wp\/v2\/categories?post=23957"},{"taxonomy":"post_tag","embeddable":true,"href":"https:\/\/247stiri.ro\/index.php\/wp-json\/wp\/v2\/tags?post=23957"}],"curies":[{"name":"wp","href":"https:\/\/api.w.org\/{rel}","templated":true}]}}