{"id":23961,"date":"2025-01-14T09:45:01","date_gmt":"2025-01-14T09:45:01","guid":{"rendered":"https:\/\/247stiri.ro\/index.php\/2025\/01\/14\/proteste-masive-ale-politiei-in-toata-tara-sute-de-agenti-au-iesit-pe-strazi-impotriva-ordonantei-trenulet\/"},"modified":"2025-01-14T09:45:01","modified_gmt":"2025-01-14T09:45:01","slug":"proteste-masive-ale-politiei-in-toata-tara-sute-de-agenti-au-iesit-pe-strazi-impotriva-ordonantei-trenulet","status":"publish","type":"post","link":"https:\/\/247stiri.ro\/index.php\/2025\/01\/14\/proteste-masive-ale-politiei-in-toata-tara-sute-de-agenti-au-iesit-pe-strazi-impotriva-ordonantei-trenulet\/","title":{"rendered":"Proteste masive ale Poli\u021biei \u00een toat\u0103 \u021bara. Sute de agen\u021bi au ie\u0219it pe str\u0103zi \u00eempotriva Ordonan\u021bei \u201eTrenule\u021b\u201d"},"content":{"rendered":"<p>\u00cen unele locuri protestele au \u00eenceput \u00eenc\u0103 de diminea\u0163\u0103.<\/p>\n<p>\u201dPoli\u0163i\u015ftii din cadrul IPJ IALOMI\u0162A, \u00eempreun\u0103 cu Poli\u0163i\u015fti de Penitenciare din cadrul Penitenciarului Slobozia, azi, \u00een intervalul orar 08:30 &#8211; 11:30, protesteaz\u0103 \u00een fa\u0163a IPJ IALOMI\u0162A \u015fi apoi se deplaseaz\u0103 prin mar\u015f c\u0103tre sediul Prefecturii Jude\u0163ului Ialomi\u0163a, av\u00e2nd ca principal\u0103 cerin\u0163\u0103 plata orelor lucrate \u00een zilele de s\u00e2mb\u0103t\u0103, duminic\u0103 \u015fi s\u0103rbptori legale\u201d, au transmis reprezentan\u0163ii Sindicatului Poli\u0163i\u015ftilor Sidepol.<\/p>\n\n<p>Potrivit acestora, \u201df\u0103r\u0103 o asumare ferm\u0103 \u015fi de \u00eendat\u0103, de catre guvernan\u0163i de a pl\u0103ti orele lucrate de c\u0103tre poli\u0163i\u015fti, ace\u015ftia din urm\u0103 vor continua cu m\u0103suri de protest din ce \u00een ce mai ample, contrar Dispozi\u0163iilor intimidante date de c\u0103tre conducerea MAI \u015fi IGPR\u201d.<\/p>\n<p>Reprezentan\u0163ii Sindicatului Poli\u0163i\u015ftilor din Rom\u00e2nia &#8222;Diamantul&#8221; au transmis c\u0103, la Slobozia,\u201daproape 300 de poli\u0163i\u015fti din 600 c\u00e2t are IPJ &#8211; ul \u00ee\u015fi striga nemul\u0163umirile \u00een strada\u201d.<\/p>\n<p>La r\u00e2ndul lor, reprezentan\u0163ii Sindicatului Na\u0163ional al Poli\u0163i\u015ftilor \u015fi al Personalului Contractual &#8211; SNPPC &#8211; din Ministerul Afacerilor Interne anun\u0163\u0103 protest la IPJ Cara\u015f-Severin, c\u00e2teva zeci de persoane fiind pe trotuarul din fa\u0163a institu\u0163iei.<\/p>\n<p>\u00cen jude\u0163ul Mure\u015f protesteaz\u0103 sindicali\u015ftii Europol.<\/p>\n\n<p>\u201dPoli\u0163i\u015ftii din cadrul I.P.J. Mure\u015f protesteaz\u0103 \u00eempotriva t\u0103ierilor salariale! Al\u0103turi de noi sunt \u015fi poli\u0163i\u015ftii de Penitenciare! R\u0103m\u00e2nem \u00een strad\u0103\u015fi continu\u0103m toate formele de protest p\u00e2n\u0103 se va renun\u0163a la t\u0103ierile salariale\u201d, au transmis reprezentan\u0163ii Europol.<\/p>\n<p>Sunt \u00een proteste \u00een mai multe jude\u0163e din \u0163ar\u0103, toate organiza\u0163iile sindicale diins implicate.\u00a0<\/p>\n<p>Poli\u0163i\u015ftii din \u00eentreaga \u0163ar\u0103 aplic\u0103 \u015fi alte forme de protest, una dintre acestea fiind aplicarea de avertismente pentru contraven\u0163ii. Al\u0163ii sunt \u00een grev\u0103 japonez\u0103.<\/p>\n<p>Pentru data de 17 ianuarie poli\u0163i\u015ftii anun\u0163\u0103 un miting de amploare al salaria\u0163ilor din MAI.<\/p>","protected":false},"excerpt":{"rendered":"<p>\u00cen unele locuri protestele au \u00eenceput \u00eenc\u0103 de diminea\u0163\u0103. \u201dPoli\u0163i\u015ftii din cadrul IPJ IALOMI\u0162A, \u00eempreun\u0103&hellip;<\/p>\n","protected":false},"author":0,"featured_media":23962,"comment_status":"open","ping_status":"open","sticky":false,"template":"","format":"standard","meta":{"footnotes":""},"categories":[2],"tags":[],"class_list":["post-23961","post","type-post","status-publish","format-standard","has-post-thumbnail","hentry","category-actual"],"_links":{"self":[{"href":"https:\/\/247stiri.ro\/index.php\/wp-json\/wp\/v2\/posts\/23961","targetHints":{"allow":["GET"]}}],"collection":[{"href":"https:\/\/247stiri.ro\/index.php\/wp-json\/wp\/v2\/posts"}],"about":[{"href":"https:\/\/247stiri.ro\/index.php\/wp-json\/wp\/v2\/types\/post"}],"replies":[{"embeddable":true,"href":"https:\/\/247stiri.ro\/index.php\/wp-json\/wp\/v2\/comments?post=23961"}],"version-history":[{"count":0,"href":"https:\/\/247stiri.ro\/index.php\/wp-json\/wp\/v2\/posts\/23961\/revisions"}],"wp:featuredmedia":[{"embeddable":true,"href":"https:\/\/247stiri.ro\/index.php\/wp-json\/wp\/v2\/media\/23962"}],"wp:attachment":[{"href":"https:\/\/247stiri.ro\/index.php\/wp-json\/wp\/v2\/media?parent=23961"}],"wp:term":[{"taxonomy":"category","embeddable":true,"href":"https:\/\/247stiri.ro\/index.php\/wp-json\/wp\/v2\/categories?post=23961"},{"taxonomy":"post_tag","embeddable":true,"href":"https:\/\/247stiri.ro\/index.php\/wp-json\/wp\/v2\/tags?post=23961"}],"curies":[{"name":"wp","href":"https:\/\/api.w.org\/{rel}","templated":true}]}}