{"id":24001,"date":"2025-01-14T11:44:49","date_gmt":"2025-01-14T11:44:49","guid":{"rendered":"https:\/\/247stiri.ro\/index.php\/2025\/01\/14\/parlamentarii-strang-semnaturi-pentru-demiterea-lui-iohannis-tot-mai-multi-lideri-politici-ii-cer-presedintelui-sa-plece-dupa-protestul-masiv\/"},"modified":"2025-01-14T11:44:49","modified_gmt":"2025-01-14T11:44:49","slug":"parlamentarii-strang-semnaturi-pentru-demiterea-lui-iohannis-tot-mai-multi-lideri-politici-ii-cer-presedintelui-sa-plece-dupa-protestul-masiv","status":"publish","type":"post","link":"https:\/\/247stiri.ro\/index.php\/2025\/01\/14\/parlamentarii-strang-semnaturi-pentru-demiterea-lui-iohannis-tot-mai-multi-lideri-politici-ii-cer-presedintelui-sa-plece-dupa-protestul-masiv\/","title":{"rendered":"Parlamentarii str\u00e2ng semn\u0103turi pentru DEMITEREA lui Iohannis. Tot mai mul\u021bi lideri politici \u00eei cer pre\u0219edintelui s\u0103 plece dup\u0103 protestul masiv"},"content":{"rendered":"<p>\u00cen \u0219edin\u021ba PNL, unul dintre liberali a solicitat ca partidul s\u0103 se rup\u0103 de pre\u0219edintele Klaus Iohannis \u0219i, mai mult, s\u0103-i cear\u0103 \u0219i demisia, iar acesta s\u0103 fie \u00eenlocuit ca interimar de Ilie Bolojan, din pozi\u021bia de pre\u0219edinte al Senatului. Solicitarea a fost \u00eens\u0103 ignorat\u0103 la acel moment. O solicitare a venit \u0219i din partea \u0219efei USR &#8211; Elena Lasconi, care \u00eel nume\u0219te pe Klaus Iohannis ilegal la Cotroceni de 23 de zile \u0219i cere o reac\u021bie \u0219i din partea membrilor coali\u021biei care, spune aceasta, \u00eei permit lui Klaus Iohannis s\u0103 r\u0103m\u00e2n\u0103 \u00een continuare \u00een func\u021bie.<\/p>\n<p>Au fost astfel de apeluri din partea celor din tab\u0103ra suveranist\u0103. Liderul suverani\u0219tilor George Simion, spre exemplu, a venit cu un mesaj clar prin care a cerut plecarea lui Klaus Iohannis \u0219i a anun\u021bat c\u0103 va convoca \u0219i o sesiune extraordinar\u0103 special pentru acest lucru. \u00centre timp, o parte dintre parlamentari, chiar \u0219i din vacan\u021b\u0103, au \u00eenceput s\u0103 str\u00e2ng\u0103 semn\u0103turi pentru demiterea lui Klaus Iohannis. Este vorba despre parlamentarii de la POT, cei care au \u00eenaintat deja o ini\u021biativ\u0103 \u0219i au provocat pe cei din USR \u0219i PNL s\u0103 o semneze dac\u0103 tot sus\u021bin c\u0103 \u00ee\u0219i doresc ca Iohannis s\u0103 se retrag\u0103 din func\u021bie, dac\u0103 nu ar func\u021biona aceast\u0103 ini\u021biativ\u0103. Av\u00e2nd \u00een vedere data alegerilor stabilit\u0103 de Coali\u021bie, Klaus Iohannis ar putea s\u0103 r\u0103m\u00e2n\u0103 \u00een func\u021bie 5 luni peste data stabilit\u0103 ini\u021bial\u0103.<\/p>\n<p>\u00a0<\/p>","protected":false},"excerpt":{"rendered":"<p>\u00cen \u0219edin\u021ba PNL, unul dintre liberali a solicitat ca partidul s\u0103 se rup\u0103 de pre\u0219edintele&hellip;<\/p>\n","protected":false},"author":0,"featured_media":24000,"comment_status":"open","ping_status":"open","sticky":false,"template":"","format":"standard","meta":{"footnotes":""},"categories":[2],"tags":[],"class_list":["post-24001","post","type-post","status-publish","format-standard","has-post-thumbnail","hentry","category-actual"],"_links":{"self":[{"href":"https:\/\/247stiri.ro\/index.php\/wp-json\/wp\/v2\/posts\/24001","targetHints":{"allow":["GET"]}}],"collection":[{"href":"https:\/\/247stiri.ro\/index.php\/wp-json\/wp\/v2\/posts"}],"about":[{"href":"https:\/\/247stiri.ro\/index.php\/wp-json\/wp\/v2\/types\/post"}],"replies":[{"embeddable":true,"href":"https:\/\/247stiri.ro\/index.php\/wp-json\/wp\/v2\/comments?post=24001"}],"version-history":[{"count":0,"href":"https:\/\/247stiri.ro\/index.php\/wp-json\/wp\/v2\/posts\/24001\/revisions"}],"wp:featuredmedia":[{"embeddable":true,"href":"https:\/\/247stiri.ro\/index.php\/wp-json\/wp\/v2\/media\/24000"}],"wp:attachment":[{"href":"https:\/\/247stiri.ro\/index.php\/wp-json\/wp\/v2\/media?parent=24001"}],"wp:term":[{"taxonomy":"category","embeddable":true,"href":"https:\/\/247stiri.ro\/index.php\/wp-json\/wp\/v2\/categories?post=24001"},{"taxonomy":"post_tag","embeddable":true,"href":"https:\/\/247stiri.ro\/index.php\/wp-json\/wp\/v2\/tags?post=24001"}],"curies":[{"name":"wp","href":"https:\/\/api.w.org\/{rel}","templated":true}]}}