{"id":24007,"date":"2025-01-14T11:44:51","date_gmt":"2025-01-14T11:44:51","guid":{"rendered":"https:\/\/247stiri.ro\/index.php\/2025\/01\/14\/surse-nava-din-flota-fantoma-a-rusiei-observata-dand-tacoale-conductei-de-gaze-din-marea-baltica-incident-straniu\/"},"modified":"2025-01-14T11:44:51","modified_gmt":"2025-01-14T11:44:51","slug":"surse-nava-din-flota-fantoma-a-rusiei-observata-dand-tacoale-conductei-de-gaze-din-marea-baltica-incident-straniu","status":"publish","type":"post","link":"https:\/\/247stiri.ro\/index.php\/2025\/01\/14\/surse-nava-din-flota-fantoma-a-rusiei-observata-dand-tacoale-conductei-de-gaze-din-marea-baltica-incident-straniu\/","title":{"rendered":"SURSE: Nav\u0103 din \u201eflota fantom\u0103\u201d a Rusiei, observat\u0103 d\u00e2nd t\u00e2coale conductei de gaze din Marea Baltic\u0103. Incident straniu"},"content":{"rendered":"<p>\u201eO nav\u0103 ruseasc\u0103 din flot\u0103 din umbr\u0103 s-a rotit \u00een cerc \u00een Marea Baltic\u0103 pe deasupra unei por\u0163iuni a conductei care transport\u0103 gaz norvegian c\u0103tre Polonia\u201d, a scris pe site-ul s\u0103u <a href=\"https:\/\/tvpworld.com\/84514324\/russian-shadow-fleet-vessel-circling-baltic-pipeline-says-source\" target=\"_blank\">TVP World<\/a>, canalul \u00een limba englez\u0103 al televiziunii publice TVP.<\/p>\n<p>\u201eFlota din umbr\u0103\u201d se refer\u0103 la navele folosite de Rusia pentru a transporta petrol, arme \u015fi cereale, \u00eenc\u0103lc\u00e2nd sanc\u0163iunile interna\u0163ionale care i-au fost impuse din cauza r\u0103zboiului din Ucraina. Navele nu sunt reglementate sau asigurate de furnizorii occidentali conven\u0163ionali.<\/p>\n<p>P\u00e2n\u0103 la ora transmiterii acestei \u0219tiri, Gaz System, care opereaz\u0103 sec\u0163iunea polonez\u0103 a gazoductului, nu oferit niciun comentariu.<\/p>\n<p>Dac\u0103 se confirm\u0103, ac\u0163iunile navei vor st\u00e2rni noi \u00eengrijor\u0103ri cu privire la vulnerabilitatea la atac a infrastructurii energetice vitale aflate pe fundul M\u0103rii Baltice. La sf\u00e2r\u015fitul anului trecut, o nav\u0103 care ar fi apar\u0163inut flotei-fantom\u0103 ar fi sec\u0163ionat o serie de cabluri din Marea Baltic\u0103.<\/p>\n<p>Anun\u0163ul TVP World vine \u00een condi\u0163iile \u00een care secretarul general al NATO, Mark Rutte, vicepre\u015fedinta Comisiei Europene, Henna Virkkunen, \u015fi liderii \u0163\u0103rilor membre NATO riverane M\u0103rii Baltice se \u00eent\u00e2lnesc mar\u0163i la Helsinki pentru a discuta despre consolidarea prezen\u0163ei NATO pe mare.<\/p>","protected":false},"excerpt":{"rendered":"<p>\u201eO nav\u0103 ruseasc\u0103 din flot\u0103 din umbr\u0103 s-a rotit \u00een cerc \u00een Marea Baltic\u0103 pe&hellip;<\/p>\n","protected":false},"author":0,"featured_media":23998,"comment_status":"open","ping_status":"open","sticky":false,"template":"","format":"standard","meta":{"footnotes":""},"categories":[2],"tags":[],"class_list":["post-24007","post","type-post","status-publish","format-standard","has-post-thumbnail","hentry","category-actual"],"_links":{"self":[{"href":"https:\/\/247stiri.ro\/index.php\/wp-json\/wp\/v2\/posts\/24007","targetHints":{"allow":["GET"]}}],"collection":[{"href":"https:\/\/247stiri.ro\/index.php\/wp-json\/wp\/v2\/posts"}],"about":[{"href":"https:\/\/247stiri.ro\/index.php\/wp-json\/wp\/v2\/types\/post"}],"replies":[{"embeddable":true,"href":"https:\/\/247stiri.ro\/index.php\/wp-json\/wp\/v2\/comments?post=24007"}],"version-history":[{"count":0,"href":"https:\/\/247stiri.ro\/index.php\/wp-json\/wp\/v2\/posts\/24007\/revisions"}],"wp:featuredmedia":[{"embeddable":true,"href":"https:\/\/247stiri.ro\/index.php\/wp-json\/wp\/v2\/media\/23998"}],"wp:attachment":[{"href":"https:\/\/247stiri.ro\/index.php\/wp-json\/wp\/v2\/media?parent=24007"}],"wp:term":[{"taxonomy":"category","embeddable":true,"href":"https:\/\/247stiri.ro\/index.php\/wp-json\/wp\/v2\/categories?post=24007"},{"taxonomy":"post_tag","embeddable":true,"href":"https:\/\/247stiri.ro\/index.php\/wp-json\/wp\/v2\/tags?post=24007"}],"curies":[{"name":"wp","href":"https:\/\/api.w.org\/{rel}","templated":true}]}}