{"id":24026,"date":"2025-01-14T12:44:50","date_gmt":"2025-01-14T12:44:50","guid":{"rendered":"https:\/\/247stiri.ro\/index.php\/2025\/01\/14\/george-simion-locotenentul-giorgiei-meloni-in-europa-liderul-aur-ales-vicepresedinte-al-partidului-conservatorilor-si-reformistilor-europeni-ecr\/"},"modified":"2025-01-14T12:44:50","modified_gmt":"2025-01-14T12:44:50","slug":"george-simion-locotenentul-giorgiei-meloni-in-europa-liderul-aur-ales-vicepresedinte-al-partidului-conservatorilor-si-reformistilor-europeni-ecr","status":"publish","type":"post","link":"https:\/\/247stiri.ro\/index.php\/2025\/01\/14\/george-simion-locotenentul-giorgiei-meloni-in-europa-liderul-aur-ales-vicepresedinte-al-partidului-conservatorilor-si-reformistilor-europeni-ecr\/","title":{"rendered":"George Simion, locotenentul Giorgiei Meloni \u00een Europa. Liderul AUR, ales vicepre\u0219edinte al Partidului Conservatorilor \u0219i Reformi\u0219tilor Europeni (ECR)\u00a0"},"content":{"rendered":"<p>George Simion \u0219i-a adjudecat func\u021bia r\u00e2vnit\u0103 \u0219i de politicieni suedezi, cehi \u0219i spanioli. Din noua conducere aleas\u0103 a partidului mai fac parte, pe l\u00e2ng\u0103 pre\u0219edintele Mateusz Moravietki, doar doi vicepre\u0219edin\u021bi: Carlo Fidanza (Italia) \u0219i Marion Marechal (Fran\u021ba), nepoata celebrului Jean-Marie Le Pen.<\/p>\n<p>Alegerea lui George Simion ca vicepre\u0219edinte al ECR Party este o recunoa\u0219tere a eforturilor depuse de AUR \u00een lupta pentru democra\u021bie \u0219i valorile conservatoare. Totodat\u0103, reprezint\u0103 un angajament al partenerilor europeni de a sprijini ini\u021biativele AUR \u0219i de a colabora \u00een promovarea unui model european bazat pe respectarea suveranit\u0103\u021bii statelor membre.<\/p>\n<p>Partidul Conservatorilor \u0219i Reformi\u0219tilor Europeni a fost \u00eenfiin\u021bat \u00een 2009 de c\u0103tre conservatorii britanici \u0219i cei polonezi, iar din 2020 a fost condus de Giorgia Meloni, de c\u00e2nd aceasta era \u00een opozi\u021bie \u00een Italia. Pre\u0219edin\u021bia ECR a fost preluat\u0103 acum de Mateusz Moravietki, fostul prim-ministru al Poloniei.\u00a0<\/p>\n<p>\u00cen urma alegerilor din 2024, Partidul Conservatorilor \u0219i Reformi\u0219tilor Europeni (ECR) a devenit a treia forma\u021biune ca m\u0103rime din legislativul UE. \u00a0Tot de atunci, Alian\u021ba pentru Unirea Rom\u00e2nilor (AUR) face parte din grupul ECR din Parlamentul European, al\u0103turi de alte partide puternice, precum Fra\u021bii Italiei, condus de Georgia Meloni \u0219i Partidul Lege \u0219i Justi\u021bie din Polonia.\u00a0<\/p>\n<p>&#8222;Sub noua conducere, ECR Party continu\u0103 s\u0103 promoveze o Europ\u0103 a na\u021biunilor puternice, \u00een care cet\u0103\u021beanul european ocup\u0103 un loc central \u00een priorit\u0103\u021bile institu\u021biilor europene.<\/p>\n<p>S\u0103 facem Europa m\u0103rea\u021b\u0103 din nou!&#8221;, anun\u021b\u0103 George Simion, \u00eentr-un comunicat.<\/p>","protected":false},"excerpt":{"rendered":"<p>George Simion \u0219i-a adjudecat func\u021bia r\u00e2vnit\u0103 \u0219i de politicieni suedezi, cehi \u0219i spanioli. Din noua&hellip;<\/p>\n","protected":false},"author":0,"featured_media":24027,"comment_status":"open","ping_status":"open","sticky":false,"template":"","format":"standard","meta":{"footnotes":""},"categories":[3],"tags":[],"class_list":["post-24026","post","type-post","status-publish","format-standard","has-post-thumbnail","hentry","category-politica"],"_links":{"self":[{"href":"https:\/\/247stiri.ro\/index.php\/wp-json\/wp\/v2\/posts\/24026","targetHints":{"allow":["GET"]}}],"collection":[{"href":"https:\/\/247stiri.ro\/index.php\/wp-json\/wp\/v2\/posts"}],"about":[{"href":"https:\/\/247stiri.ro\/index.php\/wp-json\/wp\/v2\/types\/post"}],"replies":[{"embeddable":true,"href":"https:\/\/247stiri.ro\/index.php\/wp-json\/wp\/v2\/comments?post=24026"}],"version-history":[{"count":0,"href":"https:\/\/247stiri.ro\/index.php\/wp-json\/wp\/v2\/posts\/24026\/revisions"}],"wp:featuredmedia":[{"embeddable":true,"href":"https:\/\/247stiri.ro\/index.php\/wp-json\/wp\/v2\/media\/24027"}],"wp:attachment":[{"href":"https:\/\/247stiri.ro\/index.php\/wp-json\/wp\/v2\/media?parent=24026"}],"wp:term":[{"taxonomy":"category","embeddable":true,"href":"https:\/\/247stiri.ro\/index.php\/wp-json\/wp\/v2\/categories?post=24026"},{"taxonomy":"post_tag","embeddable":true,"href":"https:\/\/247stiri.ro\/index.php\/wp-json\/wp\/v2\/tags?post=24026"}],"curies":[{"name":"wp","href":"https:\/\/api.w.org\/{rel}","templated":true}]}}