{"id":24036,"date":"2025-01-14T12:44:53","date_gmt":"2025-01-14T12:44:53","guid":{"rendered":"https:\/\/247stiri.ro\/index.php\/2025\/01\/14\/un-ministru-al-unui-stat-european-vizita-neanuntata-la-la-kiev-vom-continua-sa-fim-alaturi-de-ucraina\/"},"modified":"2025-01-14T12:44:53","modified_gmt":"2025-01-14T12:44:53","slug":"un-ministru-al-unui-stat-european-vizita-neanuntata-la-la-kiev-vom-continua-sa-fim-alaturi-de-ucraina","status":"publish","type":"post","link":"https:\/\/247stiri.ro\/index.php\/2025\/01\/14\/un-ministru-al-unui-stat-european-vizita-neanuntata-la-la-kiev-vom-continua-sa-fim-alaturi-de-ucraina\/","title":{"rendered":"Un ministru al unui stat european, vizit\u0103 neanun\u021bat\u0103 la la Kiev: \u201dVom continua s\u0103 fim al\u0103turi de Ucraina\u201d"},"content":{"rendered":"<p>\u201ePrimul \u015fi cel mai important lucru este s\u0103 ar\u0103t\u0103m foarte clar psihologic \u015fi politic c\u0103 vom continua s\u0103 fim al\u0103turi de Ucraina\u201d, a declarat Pistorius la sosirea la Kiev.<\/p>\n<p>El urma s\u0103 se \u00eent\u00e2lneasc\u0103 cu guvernul ucrainean pentru a discuta despre un ajutor suplimentar \u015fi pentru a evalua situa\u0163ia militar\u0103.<\/p>\n<p>Vizita lui Pistorius, care este, de asemenea, menit\u0103 s\u0103 semnaleze sprijinul Berlinului pentru Kiev \u00eenainte de alegerile germane de luna viitoare, are loc cu mai pu\u0163in de o s\u0103pt\u0103m\u00e2n\u0103 \u00eenainte ca Trump s\u0103 depun\u0103 jur\u0103m\u00e2ntul pentru un al doilea mandat de pre\u015fedinte al SUA, la 20 ianuarie. Trump spune c\u0103 va rezolva rapid r\u0103zboiul din Ucraina \u015fi a criticat amploarea sprijinului SUA pentru Kiev.<\/p>\n<p>Potrivit ziare.com, Pistorius, membru al Partidului Social Democrat al cancelarului Olaf Scholz, a declarat c\u0103 Ucraina are nevoie \u00een mod special de sprijin, deoarece liderul rus Vladimir Putin \u201e\u00eencearc\u0103, desigur, s\u0103 recupereze c\u00e2t mai mult teritoriu posibil \u00eenainte de 20 ianuarie, \u00een eventuala a\u015fteptare a unor negocieri pentru \u00eencetarea focului\u201d.<\/p>\n<p>Germania se num\u0103r\u0103 printre principalii sus\u0163in\u0103tori militari ai Ucrainei \u00een r\u0103zboiul s\u0103u \u00eempotriva Rusiei.<\/p>\n<p>Exist\u0103 o dezbatere \u00een Germania cu privire la sprijinul Berlinului pentru Ucraina \u00eenainte de alegerile germane anticipate din 23 februarie, \u00een special \u00een contextul \u00een care viitoarea pre\u015fedin\u0163ie Trump face presiuni asupra Europei pentru a-\u015fi spori propria ap\u0103rare.<\/p>","protected":false},"excerpt":{"rendered":"<p>\u201ePrimul \u015fi cel mai important lucru este s\u0103 ar\u0103t\u0103m foarte clar psihologic \u015fi politic c\u0103&hellip;<\/p>\n","protected":false},"author":0,"featured_media":24025,"comment_status":"open","ping_status":"open","sticky":false,"template":"","format":"standard","meta":{"footnotes":""},"categories":[2],"tags":[],"class_list":["post-24036","post","type-post","status-publish","format-standard","has-post-thumbnail","hentry","category-actual"],"_links":{"self":[{"href":"https:\/\/247stiri.ro\/index.php\/wp-json\/wp\/v2\/posts\/24036","targetHints":{"allow":["GET"]}}],"collection":[{"href":"https:\/\/247stiri.ro\/index.php\/wp-json\/wp\/v2\/posts"}],"about":[{"href":"https:\/\/247stiri.ro\/index.php\/wp-json\/wp\/v2\/types\/post"}],"replies":[{"embeddable":true,"href":"https:\/\/247stiri.ro\/index.php\/wp-json\/wp\/v2\/comments?post=24036"}],"version-history":[{"count":0,"href":"https:\/\/247stiri.ro\/index.php\/wp-json\/wp\/v2\/posts\/24036\/revisions"}],"wp:featuredmedia":[{"embeddable":true,"href":"https:\/\/247stiri.ro\/index.php\/wp-json\/wp\/v2\/media\/24025"}],"wp:attachment":[{"href":"https:\/\/247stiri.ro\/index.php\/wp-json\/wp\/v2\/media?parent=24036"}],"wp:term":[{"taxonomy":"category","embeddable":true,"href":"https:\/\/247stiri.ro\/index.php\/wp-json\/wp\/v2\/categories?post=24036"},{"taxonomy":"post_tag","embeddable":true,"href":"https:\/\/247stiri.ro\/index.php\/wp-json\/wp\/v2\/tags?post=24036"}],"curies":[{"name":"wp","href":"https:\/\/api.w.org\/{rel}","templated":true}]}}