{"id":24048,"date":"2025-01-14T13:45:24","date_gmt":"2025-01-14T13:45:24","guid":{"rendered":"https:\/\/247stiri.ro\/index.php\/2025\/01\/14\/primele-imagini-cu-autorul-furtului-de-la-spitalul-cantacuzino-barbatul-surprins-de-camere-cum-pleaca-cu-sacul-din-zona-rampei-de-deseuri\/"},"modified":"2025-01-14T13:45:24","modified_gmt":"2025-01-14T13:45:24","slug":"primele-imagini-cu-autorul-furtului-de-la-spitalul-cantacuzino-barbatul-surprins-de-camere-cum-pleaca-cu-sacul-din-zona-rampei-de-deseuri","status":"publish","type":"post","link":"https:\/\/247stiri.ro\/index.php\/2025\/01\/14\/primele-imagini-cu-autorul-furtului-de-la-spitalul-cantacuzino-barbatul-surprins-de-camere-cum-pleaca-cu-sacul-din-zona-rampei-de-deseuri\/","title":{"rendered":"Primele IMAGINI cu autorul furtului de la Spitalul Cantacuzino: b\u0103rbatul, surprins de camere cum pleac\u0103 cu sacul din zona rampei de de\u015feuri"},"content":{"rendered":"<p>Momentul \u00een care sacul cu picioarele de om amputate este sustras din zona rampei de de\u015feuri de la Spitalul Cantacuzino din Capital\u0103 a fost surprins de camerele de supraveghere.<\/p>\n<p>\u00cen imagini se poate vedea cum b\u0103rbatul ajunge \u00een zon\u0103 av\u00e2nd deja \u00een m\u00e2n\u0103 saci negri, de genul celor folosi\u0163i la de\u015feuri \u015fi, intr\u0103 \u00een anexa cu de\u015feuri medicale. Dup\u0103 mai pu\u0163in de un minut acesta pleac\u0103 av\u00e2nd \u00een m\u00e2n\u0103 \u00eenc\u0103 un sac.<\/p>\n<p>B\u0103rbatul din imagine poart\u0103 o geac\u0103 neagr\u0103, pantaloni de trening alba\u015ftri \u015fi adida\u015fi. Are glug\u0103 pe cap, fa\u0163a fiind pu\u0163in vizibil\u0103. Pare a fi t\u00e2n\u0103r, cu barb\u0103.<\/p>\n<p>Anchetatorii au stabilit c\u0103, dintr-o lad\u0103 frigorific\u0103 au fost sustrase trei <a href=\"https:\/\/www.realitatea.net\/stiri\/actual\/a-fost-gasit-inca-un-picior-amputat-dintre-cele-furate-de-la-spitalul-cantacuzino-introsatura-de-situatie-ce-varianta-ia-acum-in-calcul-politia_6786444499d0b811cf1f7d7f\" target=\"_blank\">picioare<\/a> de om, dou\u0103 fiind deja g\u0103site. Una dintre ipotezele luate \u00een calcul este aceea ca\u00a0b\u0103rbatul s\u0103 le fi abandonat dup\u0103 ce \u015fi-a dat seama ce sunt.<\/p>\n<p>Ancheteta continu\u0103 pentru g\u0103sirea at\u00e2t a suspectului, c\u00e2t \u0219i a celui de-al treilea membru amputat.\u00a0<\/p>","protected":false},"excerpt":{"rendered":"<p>Momentul \u00een care sacul cu picioarele de om amputate este sustras din zona rampei de&hellip;<\/p>\n","protected":false},"author":0,"featured_media":24049,"comment_status":"open","ping_status":"open","sticky":false,"template":"","format":"standard","meta":{"footnotes":""},"categories":[2],"tags":[],"class_list":["post-24048","post","type-post","status-publish","format-standard","has-post-thumbnail","hentry","category-actual"],"_links":{"self":[{"href":"https:\/\/247stiri.ro\/index.php\/wp-json\/wp\/v2\/posts\/24048","targetHints":{"allow":["GET"]}}],"collection":[{"href":"https:\/\/247stiri.ro\/index.php\/wp-json\/wp\/v2\/posts"}],"about":[{"href":"https:\/\/247stiri.ro\/index.php\/wp-json\/wp\/v2\/types\/post"}],"replies":[{"embeddable":true,"href":"https:\/\/247stiri.ro\/index.php\/wp-json\/wp\/v2\/comments?post=24048"}],"version-history":[{"count":0,"href":"https:\/\/247stiri.ro\/index.php\/wp-json\/wp\/v2\/posts\/24048\/revisions"}],"wp:featuredmedia":[{"embeddable":true,"href":"https:\/\/247stiri.ro\/index.php\/wp-json\/wp\/v2\/media\/24049"}],"wp:attachment":[{"href":"https:\/\/247stiri.ro\/index.php\/wp-json\/wp\/v2\/media?parent=24048"}],"wp:term":[{"taxonomy":"category","embeddable":true,"href":"https:\/\/247stiri.ro\/index.php\/wp-json\/wp\/v2\/categories?post=24048"},{"taxonomy":"post_tag","embeddable":true,"href":"https:\/\/247stiri.ro\/index.php\/wp-json\/wp\/v2\/tags?post=24048"}],"curies":[{"name":"wp","href":"https:\/\/api.w.org\/{rel}","templated":true}]}}