{"id":2405,"date":"2024-10-28T08:47:29","date_gmt":"2024-10-28T08:47:29","guid":{"rendered":"https:\/\/247stiri.ro\/index.php\/2024\/10\/28\/accident-mortal-de-motocicleta-un-soldat-de-30-de-ani-a-fost-acrosat-de-o-soferita-si-aruncat-direct-in-stalp\/"},"modified":"2024-10-28T08:47:29","modified_gmt":"2024-10-28T08:47:29","slug":"accident-mortal-de-motocicleta-un-soldat-de-30-de-ani-a-fost-acrosat-de-o-soferita-si-aruncat-direct-in-stalp","status":"publish","type":"post","link":"https:\/\/247stiri.ro\/index.php\/2024\/10\/28\/accident-mortal-de-motocicleta-un-soldat-de-30-de-ani-a-fost-acrosat-de-o-soferita-si-aruncat-direct-in-stalp\/","title":{"rendered":"Accident mortal de motociclet\u0103! Un soldat de 30 de ani a fost acro\u015fat de o \u015foferi\u0163\u0103 \u015fi aruncat direct \u00een st\u00e2lp"},"content":{"rendered":"<p>Sf\u00e2r\u0219it cumplit pentru un motociclist de 30 de ani<\/p>\n<p><a href=\"https:\/\/www.realitatea.net\/stiri\/extern\/moarte-cumplita-pentru-un-roman-de-30-de-nai-valentin-sa-izbit-frontal-cu-masina-de-o-cladire-emblematica_671f41fe1079885b98005a9e\" target=\"_blank\" rel=\"noopener\">Din primele cercet\u0103r<\/a>i efectuate de poli\u021bi\u0219tii de la Biroul Rutier Gala\u021bi, se pare c\u0103 accidentul s-a produs \u00een momentul \u00een care \u0219oferi\u021ba a schimbat direc\u021bia de deplasare de pe banda a doua pe banda \u00eent\u00e2i. \u00cen acel moment, vehiculul s\u0103u a acro\u0219at motocicleta condus\u0103 de un soldat de 30 de ani, aflat \u00een timpul liber care se deplasa pe banda \u00eent\u00e2i, \u00een acela\u0219i sens de mers. \u00cen urma impactului, motocicleta a fost aruncat\u0103 violent \u00eentr-un st\u00e2lp de pe marginea drumului, iar motociclistul a suferit r\u0103ni extrem de grave, care i-au provocat decesul la scurt timp dup\u0103 accident.<\/p>\n<p>Conduc\u0103toarea autoturismului a fost testat\u0103 cu aparatul etilotest, rezultatul fiind negativ. Totu\u0219i, aceasta a fost condus\u0103 ulterior la spital pentru recoltarea de probe biologice, \u00een vederea stabilirii exacte a alcoolemiei. <a href=\"https:\/\/www.realitatea.net\/stiri\/actual\/accident-teribil-la-iasi-doua-autoturisme-sau-ciocnit-violet-sunt-mai-multe-victime_671ea0354f8ab659aa4f3592\" target=\"_blank\" rel=\"noopener\">\u00cen urma incidentului,<\/a> autorit\u0103\u021bile au deschis un dosar penal pentru ucidere din culp\u0103, urm\u00e2nd s\u0103 investigheze circumstan\u021bele exacte ale accidentului \u0219i s\u0103 aplice m\u0103surile legale necesare.<\/p>\n<p>\u201eDin verific\u0103rile efectuate, ace\u0219tia au stabilit c\u0103 un autoturism, condus de o femeie \u00een v\u00e2rst\u0103 de 34 de ani, din Gala\u0163i, care se deplasa pe banda a doua de circula\u021bie, din direc\u0163ia str\u0103zii Henri Coand\u0103 c\u0103tre strada Nae Leonard, \u00een momentul \u00een care ar fi schimbat direc\u0163ia de deplasare, din banda a doua \u00een prima band\u0103 de circula\u021bie, ar fi acro\u015fat o motociclet\u0103 condus\u0103 de un b\u0103rbat de 30 de ani, din Gala\u0163i, care se deplasa pe banda \u00eent\u00e2i, \u00een acela\u015fi sens. \u00cen urma impactului, motocicleta a fost proiectat\u0103 \u00eentr-un st\u00e2lp de pe marginea drumului \u015fi, din nefericire, conduc\u0103torul acesteia a decedat \u00een scurt timp&#8221;&#8221;, transmite IPJ Gala\u0163i.<\/p>","protected":false},"excerpt":{"rendered":"<p>Sf\u00e2r\u0219it cumplit pentru un motociclist de 30 de ani Din primele cercet\u0103ri efectuate de poli\u021bi\u0219tii&hellip;<\/p>\n","protected":false},"author":0,"featured_media":2406,"comment_status":"open","ping_status":"open","sticky":false,"template":"","format":"standard","meta":{"footnotes":""},"categories":[2],"tags":[],"class_list":["post-2405","post","type-post","status-publish","format-standard","has-post-thumbnail","hentry","category-actual"],"_links":{"self":[{"href":"https:\/\/247stiri.ro\/index.php\/wp-json\/wp\/v2\/posts\/2405","targetHints":{"allow":["GET"]}}],"collection":[{"href":"https:\/\/247stiri.ro\/index.php\/wp-json\/wp\/v2\/posts"}],"about":[{"href":"https:\/\/247stiri.ro\/index.php\/wp-json\/wp\/v2\/types\/post"}],"replies":[{"embeddable":true,"href":"https:\/\/247stiri.ro\/index.php\/wp-json\/wp\/v2\/comments?post=2405"}],"version-history":[{"count":0,"href":"https:\/\/247stiri.ro\/index.php\/wp-json\/wp\/v2\/posts\/2405\/revisions"}],"wp:featuredmedia":[{"embeddable":true,"href":"https:\/\/247stiri.ro\/index.php\/wp-json\/wp\/v2\/media\/2406"}],"wp:attachment":[{"href":"https:\/\/247stiri.ro\/index.php\/wp-json\/wp\/v2\/media?parent=2405"}],"wp:term":[{"taxonomy":"category","embeddable":true,"href":"https:\/\/247stiri.ro\/index.php\/wp-json\/wp\/v2\/categories?post=2405"},{"taxonomy":"post_tag","embeddable":true,"href":"https:\/\/247stiri.ro\/index.php\/wp-json\/wp\/v2\/tags?post=2405"}],"curies":[{"name":"wp","href":"https:\/\/api.w.org\/{rel}","templated":true}]}}