{"id":24050,"date":"2025-01-14T13:45:24","date_gmt":"2025-01-14T13:45:24","guid":{"rendered":"https:\/\/247stiri.ro\/index.php\/2025\/01\/14\/garda-de-mediu-avertizeaza-autoritatile-cu-amenzi-in-cazul-nerespectarii-prevederilor-colectarii-separate-a-deseurilor-textile\/"},"modified":"2025-01-14T13:45:24","modified_gmt":"2025-01-14T13:45:24","slug":"garda-de-mediu-avertizeaza-autoritatile-cu-amenzi-in-cazul-nerespectarii-prevederilor-colectarii-separate-a-deseurilor-textile","status":"publish","type":"post","link":"https:\/\/247stiri.ro\/index.php\/2025\/01\/14\/garda-de-mediu-avertizeaza-autoritatile-cu-amenzi-in-cazul-nerespectarii-prevederilor-colectarii-separate-a-deseurilor-textile\/","title":{"rendered":"Garda de Mediu avertizeaz\u0103 autorit\u0103\u0163ile cu amenzi \u00een cazul nerespect\u0103rii prevederilor colect\u0103rii separate a de\u015feurilor textile"},"content":{"rendered":"<p>\u201d\u00cencep\u00e2nd din anul acesta, colectarea separat\u0103 a de\u015feurilor textile devine obligatorie \u00een Rom\u00e2nia, potrivit unei directive a Comisiei Europene. \u00cen acest context, Garda Na\u0163ional\u0103 de Mediu a informat autorit\u0103\u0163ile administra\u0163iei publice locale despre intrarea \u00een vigoare a noilor prevederi din Ordonan\u0163a de Urgen\u0163\u0103 nr. 92\/2021 privind regimul de\u015feurilor. \u00eencep\u00e2nd cu 1 ianuarie 2025.<\/p>\n<p>Nerespectarea acestor obliga\u0163ii \u015fi responsabilit\u0103\u0163i de c\u0103tre autorit\u0103\u0163ile administra\u0163iei publice locale, subdiviziunile administrativ-teritoriale ale municipiilor, respectiv asocia\u0163iile de dezvoltare intercomunitar\u0103 constituie contraven\u0163ie \u015fi poate fi sanc\u0163ionat\u0103 cu amenzi cuprinse \u00eentre 20.000 lei \u015fi 45.000 lei\u201d, a transmis, mar\u0163i,, Garda Na\u0163ional\u0103 de Mediu.<\/p>\n<p>Potrivit acestei Ordonan\u0163e, autorit\u0103\u0163ile administra\u0163iei publice locale, subdiviziunile administrativ-teritoriale ale municipiilor sau asocia\u0163iile de dezvoltare intercomunitar\u0103 au urm\u0103toarele obliga\u0163ii:<\/p>\n<p>S\u0103 asigure colectarea separat\u0103 pentru de\u015feurile de h\u00e2rtie, metal, plastic, sticl\u0103 \u015fi, \u00eencep\u00e2nd cu 1 ianuarie 2025, \u015fi pentru de\u015feurile textile provenite de la cet\u0103\u0163eni.<\/p>\n<p>S\u0103 decid\u0103 modalitatea de gestionare a de\u015feurilor: fie printr-un singur contract de delegare a serviciului de salubrizare, fie prin contracte separate pentru fiecare tip de material.<\/p>\n<p>S\u0103 organizeze atribuirea contractelor, conform deciziei luate.<\/p>\n<p>\u201dGarda Na\u0163ional\u0103 de Mediu reaminte\u015fte autorit\u0103\u0163ilor locale importan\u0163a respect\u0103rii prevederilor legale, pentru a evita sanc\u0163iunile care pot fi aplicate potrivit legisla\u0163iei \u00een vigoare \u015fi pentru a contribui la \u00eembun\u0103t\u0103\u0163irea managementului de\u015feurilor \u015fi la protejarea mediului \u00eenconjur\u0103tor\u201d, a mai transmis institu\u0163ia citat\u0103.<\/p>","protected":false},"excerpt":{"rendered":"<p>\u201d\u00cencep\u00e2nd din anul acesta, colectarea separat\u0103 a de\u015feurilor textile devine obligatorie \u00een Rom\u00e2nia, potrivit unei&hellip;<\/p>\n","protected":false},"author":0,"featured_media":24051,"comment_status":"open","ping_status":"open","sticky":false,"template":"","format":"standard","meta":{"footnotes":""},"categories":[2],"tags":[],"class_list":["post-24050","post","type-post","status-publish","format-standard","has-post-thumbnail","hentry","category-actual"],"_links":{"self":[{"href":"https:\/\/247stiri.ro\/index.php\/wp-json\/wp\/v2\/posts\/24050","targetHints":{"allow":["GET"]}}],"collection":[{"href":"https:\/\/247stiri.ro\/index.php\/wp-json\/wp\/v2\/posts"}],"about":[{"href":"https:\/\/247stiri.ro\/index.php\/wp-json\/wp\/v2\/types\/post"}],"replies":[{"embeddable":true,"href":"https:\/\/247stiri.ro\/index.php\/wp-json\/wp\/v2\/comments?post=24050"}],"version-history":[{"count":0,"href":"https:\/\/247stiri.ro\/index.php\/wp-json\/wp\/v2\/posts\/24050\/revisions"}],"wp:featuredmedia":[{"embeddable":true,"href":"https:\/\/247stiri.ro\/index.php\/wp-json\/wp\/v2\/media\/24051"}],"wp:attachment":[{"href":"https:\/\/247stiri.ro\/index.php\/wp-json\/wp\/v2\/media?parent=24050"}],"wp:term":[{"taxonomy":"category","embeddable":true,"href":"https:\/\/247stiri.ro\/index.php\/wp-json\/wp\/v2\/categories?post=24050"},{"taxonomy":"post_tag","embeddable":true,"href":"https:\/\/247stiri.ro\/index.php\/wp-json\/wp\/v2\/tags?post=24050"}],"curies":[{"name":"wp","href":"https:\/\/api.w.org\/{rel}","templated":true}]}}