{"id":24062,"date":"2025-01-14T14:45:11","date_gmt":"2025-01-14T14:45:11","guid":{"rendered":"https:\/\/247stiri.ro\/index.php\/2025\/01\/14\/razboi-in-usr-clotilde-armand-acuzata-de-colegii-de-partid-ca-tine-cu-dintii-de-sefia-filialei-sector-1\/"},"modified":"2025-01-14T14:45:11","modified_gmt":"2025-01-14T14:45:11","slug":"razboi-in-usr-clotilde-armand-acuzata-de-colegii-de-partid-ca-tine-cu-dintii-de-sefia-filialei-sector-1","status":"publish","type":"post","link":"https:\/\/247stiri.ro\/index.php\/2025\/01\/14\/razboi-in-usr-clotilde-armand-acuzata-de-colegii-de-partid-ca-tine-cu-dintii-de-sefia-filialei-sector-1\/","title":{"rendered":"R\u0103zboi \u00een USR! Clotilde Armand, acuzat\u0103 de colegii de partid c\u0103 \u021bine cu din\u021bii de \u0219efia filialei sector 1"},"content":{"rendered":"<p>\u00cen vizor este luat\u0103 fosta prim\u0103ri\u021b\u0103 de la Sector 1, Clotilde Armand, care, dup\u0103 ce a r\u0103mas f\u0103r\u0103 prim\u0103rie, f\u0103r\u0103 mandatul de senatoare, acum risc\u0103 \u0219i s\u0103 r\u0103m\u00e2n\u0103 f\u0103r\u0103 func\u021bia de conducere la USR Sectorul 1. \u0218i asta pentru c\u0103 sunt surse care vorbesc despre faptul c\u0103 acest lucru s-ar putea \u00eent\u00e2mpla. Pe data de 19 ianuarie sunt programate alegeri \u0219i sunt voci din interiorul partidului care vorbesc despre faptul c\u0103 Armand vrea neap\u0103rat s\u0103-\u0219i p\u0103streze aceast\u0103 func\u021bie, chiar dac\u0103 sunt surse care vorbesc despre faptul c\u0103 ar putea s\u0103 fie \u00eenl\u0103turat\u0103.<\/p>\n<p>Este acuzat\u0103 Clotilde Armand de faptul c\u0103 beneficiaz\u0103 de sprijinul unor membrii din partid care \u00ee\u0219i fac sim\u021bit\u0103 prezen\u021ba \u00een momentul \u00een care este vorba despre alegeri care, altfel, \u00een alte contexte, spre exemplu, nu sunt v\u0103zu\u021bi foarte des \u00een partid.<\/p>\n<p>R\u0103m\u00e2ne de v\u0103zut ce se va \u00eent\u00e2mpla. Cert este c\u0103, \u00een acest moment este scandal \u00een interiorul partidului, iar Clotilde Arman ar putea s\u0103 r\u0103m\u00e2n\u0103 f\u0103r\u0103 func\u021bia de conducere de la filiala USR Sector 1.<\/p>","protected":false},"excerpt":{"rendered":"<p>\u00cen vizor este luat\u0103 fosta prim\u0103ri\u021b\u0103 de la Sector 1, Clotilde Armand, care, dup\u0103 ce&hellip;<\/p>\n","protected":false},"author":0,"featured_media":24059,"comment_status":"open","ping_status":"open","sticky":false,"template":"","format":"standard","meta":{"footnotes":""},"categories":[2],"tags":[],"class_list":["post-24062","post","type-post","status-publish","format-standard","has-post-thumbnail","hentry","category-actual"],"_links":{"self":[{"href":"https:\/\/247stiri.ro\/index.php\/wp-json\/wp\/v2\/posts\/24062","targetHints":{"allow":["GET"]}}],"collection":[{"href":"https:\/\/247stiri.ro\/index.php\/wp-json\/wp\/v2\/posts"}],"about":[{"href":"https:\/\/247stiri.ro\/index.php\/wp-json\/wp\/v2\/types\/post"}],"replies":[{"embeddable":true,"href":"https:\/\/247stiri.ro\/index.php\/wp-json\/wp\/v2\/comments?post=24062"}],"version-history":[{"count":0,"href":"https:\/\/247stiri.ro\/index.php\/wp-json\/wp\/v2\/posts\/24062\/revisions"}],"wp:featuredmedia":[{"embeddable":true,"href":"https:\/\/247stiri.ro\/index.php\/wp-json\/wp\/v2\/media\/24059"}],"wp:attachment":[{"href":"https:\/\/247stiri.ro\/index.php\/wp-json\/wp\/v2\/media?parent=24062"}],"wp:term":[{"taxonomy":"category","embeddable":true,"href":"https:\/\/247stiri.ro\/index.php\/wp-json\/wp\/v2\/categories?post=24062"},{"taxonomy":"post_tag","embeddable":true,"href":"https:\/\/247stiri.ro\/index.php\/wp-json\/wp\/v2\/tags?post=24062"}],"curies":[{"name":"wp","href":"https:\/\/api.w.org\/{rel}","templated":true}]}}