{"id":24116,"date":"2025-01-14T17:45:08","date_gmt":"2025-01-14T17:45:08","guid":{"rendered":"https:\/\/247stiri.ro\/index.php\/2025\/01\/14\/sebastian-burduja-anunta-marea-reorganizare-in-cadrul-ministerului-pe-care-il-conduce-cati-angajati-vor-pleca-acasa\/"},"modified":"2025-01-14T17:45:08","modified_gmt":"2025-01-14T17:45:08","slug":"sebastian-burduja-anunta-marea-reorganizare-in-cadrul-ministerului-pe-care-il-conduce-cati-angajati-vor-pleca-acasa","status":"publish","type":"post","link":"https:\/\/247stiri.ro\/index.php\/2025\/01\/14\/sebastian-burduja-anunta-marea-reorganizare-in-cadrul-ministerului-pe-care-il-conduce-cati-angajati-vor-pleca-acasa\/","title":{"rendered":"Sebastian Burduja anun\u021b\u0103 Marea Reorganizare \u00een cadrul ministerului pe care \u00eel conduce. C\u00e2\u021bi angaja\u021bi vor pleca acas\u0103?"},"content":{"rendered":"<p>&#8216;Dureaz\u0103 cam dou\u0103 luni, inclusiv adoptarea \u00een Guvern, avizarea interministerial\u0103. Cu siguran\u021b\u0103 viz\u0103m reducerea aparatului, deci eliminarea posturilor vacante, care sunt \u00een num\u0103r de 80 aproximativ. Din 280 posturi ocupate, \u00eentre 10% \u0219i 20% dintre colegi vor pleca acas\u0103, \u00een urma concursurilor pe care le vor sus\u021bine&#8217;, a precizat ministrul, la finalul \u0219edin\u021bei Comandamentului energetic de iarn\u0103.El a mai spus c\u0103 se va face o analiz\u0103 pe fiecare direc\u021bie \u00een parte. &#8216;Dac\u0103 m\u0103 refer la Direc\u021bia de investi\u021bii, unde colegii au atras 14 miliarde de euro, nu pot spune care dintre ei ar putea munci mai mult, dar nu o fac&#8217;, a ar\u0103tat Burduja.Potrivit acestuia, Ministerul Energiei este printre cele mai mici ministere din Guvern ca num\u0103r de posturi \u0219i cu certitudine are cele mai mici salarii al\u0103turi de Ministerul Economiei, unde &#8216;se mai regleaz\u0103 lucrurile ca urmare a lipirii p\u0103r\u021bii de Digitalizare&#8217;.<\/p>\n<p><a title=\"Ce se intampla dupa expirarea plafonarii preturilor la energie si gaze. Anuntul lui Sebastian Burduja pentru consumatorii vulnerabili\" href=\"https:\/\/www.realitatea.net\/stiri\/actual\/ce-se-intampla-dupa-expirarea-plafonarii-preturilor-la-energie-si-gaze-anuntul-lui-sebastian-burduja-pentri-consumatorii-vulnerabili_678167c6f9c9644f172291f2\">Ce se \u00eent\u00e2mpl\u0103 dup\u0103 expirarea plafon\u0103rii pre\u021burilor la energie \u0219i gaze. Anun\u021bul lui Sebastian Burduja pentru consumatorii vulnerabili<\/a><\/p>","protected":false},"excerpt":{"rendered":"<p>&#8216;Dureaz\u0103 cam dou\u0103 luni, inclusiv adoptarea \u00een Guvern, avizarea interministerial\u0103. Cu siguran\u021b\u0103 viz\u0103m reducerea aparatului,&hellip;<\/p>\n","protected":false},"author":0,"featured_media":24117,"comment_status":"open","ping_status":"open","sticky":false,"template":"","format":"standard","meta":{"footnotes":""},"categories":[2],"tags":[],"class_list":["post-24116","post","type-post","status-publish","format-standard","has-post-thumbnail","hentry","category-actual"],"_links":{"self":[{"href":"https:\/\/247stiri.ro\/index.php\/wp-json\/wp\/v2\/posts\/24116","targetHints":{"allow":["GET"]}}],"collection":[{"href":"https:\/\/247stiri.ro\/index.php\/wp-json\/wp\/v2\/posts"}],"about":[{"href":"https:\/\/247stiri.ro\/index.php\/wp-json\/wp\/v2\/types\/post"}],"replies":[{"embeddable":true,"href":"https:\/\/247stiri.ro\/index.php\/wp-json\/wp\/v2\/comments?post=24116"}],"version-history":[{"count":0,"href":"https:\/\/247stiri.ro\/index.php\/wp-json\/wp\/v2\/posts\/24116\/revisions"}],"wp:featuredmedia":[{"embeddable":true,"href":"https:\/\/247stiri.ro\/index.php\/wp-json\/wp\/v2\/media\/24117"}],"wp:attachment":[{"href":"https:\/\/247stiri.ro\/index.php\/wp-json\/wp\/v2\/media?parent=24116"}],"wp:term":[{"taxonomy":"category","embeddable":true,"href":"https:\/\/247stiri.ro\/index.php\/wp-json\/wp\/v2\/categories?post=24116"},{"taxonomy":"post_tag","embeddable":true,"href":"https:\/\/247stiri.ro\/index.php\/wp-json\/wp\/v2\/tags?post=24116"}],"curies":[{"name":"wp","href":"https:\/\/api.w.org\/{rel}","templated":true}]}}