{"id":24119,"date":"2025-01-14T17:45:09","date_gmt":"2025-01-14T17:45:09","guid":{"rendered":"https:\/\/247stiri.ro\/index.php\/2025\/01\/14\/detalii-terifiante-din-caminele-groazei-descoperite-in-mures-acuzatii-socante-inclusiv-de-trafic-de-minori-dosar-diicot\/"},"modified":"2025-01-14T17:45:09","modified_gmt":"2025-01-14T17:45:09","slug":"detalii-terifiante-din-caminele-groazei-descoperite-in-mures-acuzatii-socante-inclusiv-de-trafic-de-minori-dosar-diicot","status":"publish","type":"post","link":"https:\/\/247stiri.ro\/index.php\/2025\/01\/14\/detalii-terifiante-din-caminele-groazei-descoperite-in-mures-acuzatii-socante-inclusiv-de-trafic-de-minori-dosar-diicot\/","title":{"rendered":"Detalii terifiante din &#8222;c\u0103minele groazei&#8221; descoperite \u00een Mure\u0219. Acuza\u021bii \u0219ocante, inclusiv de trafic de minori &#8211; DOSAR DIICOT"},"content":{"rendered":"<p>DIICO a precizat c\u0103 a deschis, \u00eenc\u0103 din decembrie 2024, un dosar de cercetare penal\u0103 \u00een cazul centrelor pentru copii cu dizabilit\u0103\u0163i din T\u00e2rgu Mure\u015f, fiind vizat\u0103 inclusiv infrac\u0163iunea de trafic de minori. Exist\u0103 suspiciuni c\u0103 micu\u0163ii erau lua\u0163i cu for\u0163a din familii \u015fi du\u015fi \u00een centre pentru a se primi finan\u0163are pentru ei.<\/p>\n<p>\u201dPe rolul Direc\u0163iei de Investigare a Infrac\u0163iunilor de Criminalitate Organizat\u0103 \u015fi Terorism \u2013 Serviciul Teritorial T\u00e2rgu Mure\u015f a fost \u00eenregistrat\u0103 la data de 20 decembrie 2024 o cauz\u0103 penal\u0103 urmare a unei sesiz\u0103ri formulat\u0103 de Funda\u0163ia Centrul de Resurse Juridice, \u00een care se efectueaz\u0103 cercet\u0103ri cu privire la faptele de trafic de minori, abuz \u00een serviciu, rele tratamente aplicate minorilor \u015fi constituirea unui grup infrac\u0163ional organizat\u201d, a anun\u0163at, mar\u0163i, DIICOT.<\/p>\n<p>Procurorii precizeaz\u0103 c\u0103 urm\u0103rirea penal\u0103 se desf\u0103\u015foar\u0103 in rem.<\/p>\n<p>\u201dAceast\u0103 etap\u0103 a procesului penal nu semnific\u0103 formularea unor acuza\u0163ii \u00eempotriva unei\/unor persoane, ci instituie cadrul procesual necesar str\u00e2ngerii probelor pentru stabilirea corect\u0103 \u015fi complet\u0103 a st\u0103rii de fapt care s\u0103 permit\u0103 adoptarea \u00een cauz\u0103 a unei solu\u0163ii legale \u015fi temeinice\u201d, au mai transmis procurorii.<\/p>\n<p>Exist\u0103 suspiciuni c\u0103 micu\u0163ii erau lua\u0163i cu for\u0163a din familii \u015fi du\u015fi \u00een centre pentru a se primi finan\u0163are pentru ei.<\/p>\n<p>\u00cen weekend, Centrul de Resurse Juridice a anun\u0163at, \u00eentr-un comunicat de pres\u0103, c\u0103 a sesizat \u00eenc\u0103 din 2024 procurorii din cadrul DIICOT Structura Teritorial\u0103 T\u00e2rgu Mure\u015f \u00een leg\u0103tur\u0103 cu problemele identificate \u0103n cele patru centre din T\u00e2rgu Mure\u015f \u015fi a anun\u0163at c\u0103 va face noi sesizari, inclusiv la Parchetul General.<\/p>\n<p>De asemenea, organiza\u0163ia a cerut \u201dinterven\u0163ia de \u00eendat\u0103 a tuturor institu\u0163iilor publice responsabile pe acest segment de lucru, respectiv, Parchetul General, DIICOT, Inspectoratul Jude\u0163ean de Poli\u0163ie Mure\u015f, Consiliul Jude\u0163ean Mure\u015f, ANPDCA, Ministerul Muncii, Direc\u0163ia de S\u0103n\u0103tate Public\u0103 Mure\u015f, Agen\u0163ia Na\u0163ional\u0103 pentru Pl\u0103\u0163i \u015fi Inspec\u0163ie Social\u0103, \u015fi Ministerul S\u0103n\u0103t\u0103\u0163ii\u201d.<\/p>\n<p>\u00cen cele patru centre sunt caza\u021bi 63 de copii cu dizabilit\u0103\u021bi, de\u0219i capacitatea maxim\u0103 a acestora este de doar 51 de locuri. Niciuna dintre loca\u021bii nu de\u021bine autoriza\u021bie de func\u021bionare, iar condi\u021biile de trai sunt deplorabile \u2013 saltele \u00eembr\u0103cate \u00een plastic, paturi nepotrivite, camere f\u0103r\u0103 u\u0219i sau \u00eencuiate cu z\u0103voare, precum \u0219i supraaglomerare.<\/p>\n<p>Copiii sunt malnutri\u021bi, iar starea lor general\u0103 este grav afectat\u0103. CRJ a anun\u021bat c\u0103 va sesiza Parchetul General \u0219i solicit\u0103 interven\u021bia urgent\u0103 a autorit\u0103\u021bilor competente.<\/p>","protected":false},"excerpt":{"rendered":"<p>DIICO a precizat c\u0103 a deschis, \u00eenc\u0103 din decembrie 2024, un dosar de cercetare penal\u0103&hellip;<\/p>\n","protected":false},"author":0,"featured_media":24120,"comment_status":"open","ping_status":"open","sticky":false,"template":"","format":"standard","meta":{"footnotes":""},"categories":[2],"tags":[],"class_list":["post-24119","post","type-post","status-publish","format-standard","has-post-thumbnail","hentry","category-actual"],"_links":{"self":[{"href":"https:\/\/247stiri.ro\/index.php\/wp-json\/wp\/v2\/posts\/24119","targetHints":{"allow":["GET"]}}],"collection":[{"href":"https:\/\/247stiri.ro\/index.php\/wp-json\/wp\/v2\/posts"}],"about":[{"href":"https:\/\/247stiri.ro\/index.php\/wp-json\/wp\/v2\/types\/post"}],"replies":[{"embeddable":true,"href":"https:\/\/247stiri.ro\/index.php\/wp-json\/wp\/v2\/comments?post=24119"}],"version-history":[{"count":0,"href":"https:\/\/247stiri.ro\/index.php\/wp-json\/wp\/v2\/posts\/24119\/revisions"}],"wp:featuredmedia":[{"embeddable":true,"href":"https:\/\/247stiri.ro\/index.php\/wp-json\/wp\/v2\/media\/24120"}],"wp:attachment":[{"href":"https:\/\/247stiri.ro\/index.php\/wp-json\/wp\/v2\/media?parent=24119"}],"wp:term":[{"taxonomy":"category","embeddable":true,"href":"https:\/\/247stiri.ro\/index.php\/wp-json\/wp\/v2\/categories?post=24119"},{"taxonomy":"post_tag","embeddable":true,"href":"https:\/\/247stiri.ro\/index.php\/wp-json\/wp\/v2\/tags?post=24119"}],"curies":[{"name":"wp","href":"https:\/\/api.w.org\/{rel}","templated":true}]}}