{"id":24149,"date":"2025-01-14T19:45:38","date_gmt":"2025-01-14T19:45:38","guid":{"rendered":"https:\/\/247stiri.ro\/index.php\/2025\/01\/14\/consilierul-lui-putin-intra-la-rupere-ue-a-pierdut-dreptul-de-a-vorbi-in-numele-romaniei\/"},"modified":"2025-01-14T19:45:38","modified_gmt":"2025-01-14T19:45:38","slug":"consilierul-lui-putin-intra-la-rupere-ue-a-pierdut-dreptul-de-a-vorbi-in-numele-romaniei","status":"publish","type":"post","link":"https:\/\/247stiri.ro\/index.php\/2025\/01\/14\/consilierul-lui-putin-intra-la-rupere-ue-a-pierdut-dreptul-de-a-vorbi-in-numele-romaniei\/","title":{"rendered":"Consilierul lui Putin intr\u0103 la rupere: UE a pierdut dreptul de a vorbi \u00een numele Rom\u00e2niei"},"content":{"rendered":"<p class=\"selectable-text copyable-text x15bjb6t x1n2onr6\">\u00centr-un interviu pentru KP.RU, m\u00e2na dreapt\u0103 a lui Putin s-a referit la Rom\u00e2nia \u00een contextul \u00een care a exclus ca Moscova s\u0103 discute cu altcineva dec\u00e2t Statele Unite despre Ucraina. \u201eCred c\u0103 negocierile privind Ucraina ar trebui s\u0103 se desf\u0103\u015foare \u00eentre Rusia \u015fi Statele Unite, f\u0103r\u0103 participarea altor \u0163\u0103ri occidentale\u201d, a spus Patru\u015fev, \u201enu este nimic de discutat cu Londra \u015fi Bruxelles\u201d.<\/p>\n<p class=\"selectable-text copyable-text x15bjb6t x1n2onr6\">\u201eConducerea UE, de exemplu, a pierdut de mult dreptul de a vorbi \u00een numele multora dintre membrii s\u0103i, precum Ungaria, Slovacia, Austria, Rom\u00e2nia \u015fi alte c\u00e2teva \u0163\u0103ri europene interesate de stabilitatea \u00een Europa \u015fi de adoptarea unei pozi\u0163ii echilibrate fa\u0163\u0103 de Rusia\u201d, a sus\u0163inut reprezentantul lui Putin.<\/p>\n<p>Cine e Nikolai Patru\u0219ev<\/p>\n<p class=\"selectable-text copyable-text x15bjb6t x1n2onr6\">Nikolai Patru\u015fev, \u00een v\u00e2rst\u0103 de 73 de ani, este fost ofi\u0163er de informa\u0163ii care p\u00e2n\u0103 anul trecut a fost secretar al Consiliului rus de Securitate al Rusiei, func\u0163ie pe care o de\u0163inea \u00eenc\u0103 din 2008. Considerat un aliat apropiat al lui Putin, chiar mai radical dec\u00e2t actualul lider de la Kremlin, anterior Patru\u015fev a fost director al Serviciului Federal de Securitate (FSB), din 1999 p\u00e2n\u0103 \u00een 2008. El a jucat un rol-cheie \u00een deciziile de a prelua \u015fi apoi anexa Crimeea \u00een 2014 \u015fi de a invada Ucraina \u00een 2022.<\/p>\n<p class=\"selectable-text copyable-text x15bjb6t x1n2onr6\">Mark Galeotti, expert \u00een domeniul politicii \u015fi securit\u0103\u0163ii ruse\u015fti, \u00eel consider\u0103 pe Patru\u015fev \u201ecel mai periculos om din Rusia\u201d din cauza \u201ementalit\u0103\u0163ii sale paranoice bazate pe conspira\u0163ii\u201d.<\/p>\n<p class=\"selectable-text copyable-text x15bjb6t x1n2onr6\">Dup\u0103 anexarea Crimeei de c\u0103tre Federa\u0163ia Rus\u0103 \u00een 2014, Patru\u015fev a fost inclus pe lista Uniunii Europene \u015fi a Regatului Unit a persoanelor sanc\u0163ionate, iar din 2018 \u015fi SUA i-au impus sanc\u0163iuni.<\/p>\n<p class=\"selectable-text copyable-text x15bjb6t x1n2onr6\">Dup\u0103 ce Putin \u015fi-a preluat anul trecut al cincilea mandat, lui Patru\u015fev i s-a propus s\u0103 devin\u0103 consilier preziden\u0163ial \u00eens\u0103rcinat cu construc\u0163iile navale. Unii au considerat asta o retrogradare, \u00eentruc\u00e2t Putin ar fi considerat c\u0103 Patru\u015fev l-ar fi indus \u00een eroare \u00een privin\u0163a Ucrainei.<\/p>","protected":false},"excerpt":{"rendered":"<p>\u00centr-un interviu pentru KP.RU, m\u00e2na dreapt\u0103 a lui Putin s-a referit la Rom\u00e2nia \u00een contextul&hellip;<\/p>\n","protected":false},"author":0,"featured_media":24150,"comment_status":"open","ping_status":"open","sticky":false,"template":"","format":"standard","meta":{"footnotes":""},"categories":[2],"tags":[],"class_list":["post-24149","post","type-post","status-publish","format-standard","has-post-thumbnail","hentry","category-actual"],"_links":{"self":[{"href":"https:\/\/247stiri.ro\/index.php\/wp-json\/wp\/v2\/posts\/24149","targetHints":{"allow":["GET"]}}],"collection":[{"href":"https:\/\/247stiri.ro\/index.php\/wp-json\/wp\/v2\/posts"}],"about":[{"href":"https:\/\/247stiri.ro\/index.php\/wp-json\/wp\/v2\/types\/post"}],"replies":[{"embeddable":true,"href":"https:\/\/247stiri.ro\/index.php\/wp-json\/wp\/v2\/comments?post=24149"}],"version-history":[{"count":0,"href":"https:\/\/247stiri.ro\/index.php\/wp-json\/wp\/v2\/posts\/24149\/revisions"}],"wp:featuredmedia":[{"embeddable":true,"href":"https:\/\/247stiri.ro\/index.php\/wp-json\/wp\/v2\/media\/24150"}],"wp:attachment":[{"href":"https:\/\/247stiri.ro\/index.php\/wp-json\/wp\/v2\/media?parent=24149"}],"wp:term":[{"taxonomy":"category","embeddable":true,"href":"https:\/\/247stiri.ro\/index.php\/wp-json\/wp\/v2\/categories?post=24149"},{"taxonomy":"post_tag","embeddable":true,"href":"https:\/\/247stiri.ro\/index.php\/wp-json\/wp\/v2\/tags?post=24149"}],"curies":[{"name":"wp","href":"https:\/\/api.w.org\/{rel}","templated":true}]}}