{"id":24155,"date":"2025-01-14T19:45:40","date_gmt":"2025-01-14T19:45:40","guid":{"rendered":"https:\/\/247stiri.ro\/index.php\/2025\/01\/14\/liviu-guta-a-disparut-fara-urma-nimeni-nu-stie-nimic-de-celebrul-manelist\/"},"modified":"2025-01-14T19:45:40","modified_gmt":"2025-01-14T19:45:40","slug":"liviu-guta-a-disparut-fara-urma-nimeni-nu-stie-nimic-de-celebrul-manelist","status":"publish","type":"post","link":"https:\/\/247stiri.ro\/index.php\/2025\/01\/14\/liviu-guta-a-disparut-fara-urma-nimeni-nu-stie-nimic-de-celebrul-manelist\/","title":{"rendered":"Liviu Gu\u021b\u0103 a disp\u0103rut f\u0103r\u0103 urm\u0103: nimeni nu \u0219tie nimic de celebrul manelist"},"content":{"rendered":"<p>\u00cen ciuda tuturor \u00eencerc\u0103rilor de a afla ce s-a \u00eent\u00e2mplat, nimeni nu a reu\u0219it s\u0103 ob\u021bin\u0103 informa\u021bii clare.<\/p>\n<p>Unde se afl\u0103 Liviu Gu\u021b\u0103<\/p>\n<p>De-a lungul timpului, c\u00e2\u021biva dintre prietenii lui au c\u0103utat r\u0103spunsuri. Printre ace\u0219tia se num\u0103r\u0103 Cristian Rizescu \u0219i Cristian Ciof, care au semnalat dispari\u021bia artistului \u00een urm\u0103 cu mai bine de un an. De atunci, misterul a r\u0103mas nerezolvat.<\/p>\n<p>Recent, Ticy, un apropiat al manelistului, a declarat c\u0103 a discutat cu <a href=\"https:\/\/www.realitatea.net\/stiri\/ultimele-stiri\/liviu-guta--amenintat-in-direct-sa-aiba-grija-de-acum-inainte--eu-atat-ii-zic_5dcc91cc406af85273ccb2d7\" target=\"_blank\">Liviu Gu\u021b\u0103<\/a> pentru ultima dat\u0103 \u00een vara anului trecut. \u00cen timpul acelei conversa\u021bii, cei doi au stabilit c\u0103 se vor \u00eent\u00e2lni pentru a relua proiectele muzicale, dar de atunci nu s-au mai auzit.\u00a0<\/p>\n<p>Ticy a povestit \u00een cadrul unei emisiuni televizate: \u201eAm vorbit cu el pe 14 mai 2024, mi-a spus c\u0103 vine acas\u0103 \u0219i c\u0103 vom lucra \u00eempreun\u0103 pe muzic\u0103. Dup\u0103 aceea nu am mai primit ve\u0219ti. Mi-a trimis un mesaj pe care l-am postat pe social media, iar apoi am mai vorbit telefonic. Totul p\u0103rea \u00een regul\u0103, el spunea c\u0103 va veni cur\u00e2nd \u00een \u021bar\u0103.\u201d<\/p>\n<p>Roxana, fosta so\u021bie a lui Liviu Gu\u021b\u0103, a afirmat c\u0103 ultima interac\u021biune cu artistul a avut loc acum trei ani, atunci c\u00e2nd acesta i-a trimis un mesaj pentru a o felicita pentru c\u0103s\u0103toria sa. \u201eAm r\u0103mas \u00een rela\u021bii amiabile, dar nu am mai avut vreo leg\u0103tur\u0103 de atunci. Fiecare a mers pe drumul lui \u0219i nu am mai \u0219tiut nimic despre via\u021ba lui\u201d, a spus Roxana.<\/p>\n<p>\u00cen ciuda dispari\u021biei sale, Liviu Gu\u021b\u0103 a postat un mesaj pe re\u021belele de socializare la \u00eenceputul anului 2024, dup\u0103 ce fusese dat disp\u0103rut. \u00cen acel mesaj, artistul a confirmat c\u0103 se afl\u0103 \u00een afara \u021b\u0103rii \u0219i c\u0103 trece printr-o perioad\u0103 dificil\u0103, dar i-a asigurat pe fanii s\u0103i c\u0103 este bine \u0219i c\u0103 va reveni \u00een cur\u00e2nd.\u00a0<\/p>\n<p>\u201eSalutare prieteni, sunt Liviu Gu\u021b\u0103. Am \u00een\u021beles c\u0103 a\u021bi postat pe re\u021belele de socializare, eu nu am acces la acestea aci, sunt plecat \u00een afara \u021b\u0103rii, s\u0103 nu intru \u00een am\u0103nunte. Sunt foarte bine, sta\u021bi lini\u0219ti\u021bi, v\u0103 mul\u021bumesc din suflet c\u0103 v\u0103 \u00eengrijora\u021bi pentru mine. Am avut ni\u0219te probleme, dar \u0219ti\u021bi cum este \u00een via\u021b\u0103, totul trece.<\/p>\n<p>Am s\u0103 vin pe la jum\u0103tatea lunii aprilie \u00een \u021bar\u0103. S\u0103 ne auzim cu bine! V\u0103 iubesc \u0219i v\u0103 mul\u021bumesc foarte mult pentru faptul c\u0103 v\u0103 \u00eengrijora\u021bi pentru mine \u0219i c\u0103 \u00eensemn ceva pentru voi. Sta\u021bi lini\u0219ti\u021bi c\u0103 voi reveni acas\u0103 \u0219i \u0219terge\u021bi post\u0103rile pentru c\u0103 sunt bine. V\u0103 mul\u021bumesc, v\u0103 pup \u0219i v\u0103 iubesc!\u201d, spunea manelistul \u00een urm\u0103 cu un an.<\/p>\n<p>De atunci, t\u0103cerea a continuat, iar misterul dispari\u021biei sale r\u0103m\u00e2ne nerezolvat. Fanii \u0219i apropia\u021bii a\u0219teapt\u0103 cu ner\u0103bdare ve\u0219ti noi \u0219i sper\u0103 ca <a href=\"https:\/\/www.realitatea.net\/stiri\/ultimele-stiri\/scandalul-dintre-simona-trasca-si-liviu-guta-continua--manelistul-se-apara_5dcc91cb406af85273ccabd4\" target=\"_blank\">manelistul s\u0103 revin\u0103 cur\u00e2nd,<\/a> a\u0219a cum a promis.\u00a0<\/p>","protected":false},"excerpt":{"rendered":"<p>\u00cen ciuda tuturor \u00eencerc\u0103rilor de a afla ce s-a \u00eent\u00e2mplat, nimeni nu a reu\u0219it s\u0103&hellip;<\/p>\n","protected":false},"author":0,"featured_media":24156,"comment_status":"open","ping_status":"open","sticky":false,"template":"","format":"standard","meta":{"footnotes":""},"categories":[2],"tags":[],"class_list":["post-24155","post","type-post","status-publish","format-standard","has-post-thumbnail","hentry","category-actual"],"_links":{"self":[{"href":"https:\/\/247stiri.ro\/index.php\/wp-json\/wp\/v2\/posts\/24155","targetHints":{"allow":["GET"]}}],"collection":[{"href":"https:\/\/247stiri.ro\/index.php\/wp-json\/wp\/v2\/posts"}],"about":[{"href":"https:\/\/247stiri.ro\/index.php\/wp-json\/wp\/v2\/types\/post"}],"replies":[{"embeddable":true,"href":"https:\/\/247stiri.ro\/index.php\/wp-json\/wp\/v2\/comments?post=24155"}],"version-history":[{"count":0,"href":"https:\/\/247stiri.ro\/index.php\/wp-json\/wp\/v2\/posts\/24155\/revisions"}],"wp:featuredmedia":[{"embeddable":true,"href":"https:\/\/247stiri.ro\/index.php\/wp-json\/wp\/v2\/media\/24156"}],"wp:attachment":[{"href":"https:\/\/247stiri.ro\/index.php\/wp-json\/wp\/v2\/media?parent=24155"}],"wp:term":[{"taxonomy":"category","embeddable":true,"href":"https:\/\/247stiri.ro\/index.php\/wp-json\/wp\/v2\/categories?post=24155"},{"taxonomy":"post_tag","embeddable":true,"href":"https:\/\/247stiri.ro\/index.php\/wp-json\/wp\/v2\/tags?post=24155"}],"curies":[{"name":"wp","href":"https:\/\/api.w.org\/{rel}","templated":true}]}}