{"id":24161,"date":"2025-01-14T20:45:23","date_gmt":"2025-01-14T20:45:23","guid":{"rendered":"https:\/\/247stiri.ro\/index.php\/2025\/01\/14\/cu-ce-se-ocupa-mirela-stoian-in-prezent-la-varsta-de-56-de-ani-lumea-o-cunoaste-dupa-ce-a-interpretat-personajul-lila-din-vacanta-mare\/"},"modified":"2025-01-14T20:45:23","modified_gmt":"2025-01-14T20:45:23","slug":"cu-ce-se-ocupa-mirela-stoian-in-prezent-la-varsta-de-56-de-ani-lumea-o-cunoaste-dupa-ce-a-interpretat-personajul-lila-din-vacanta-mare","status":"publish","type":"post","link":"https:\/\/247stiri.ro\/index.php\/2025\/01\/14\/cu-ce-se-ocupa-mirela-stoian-in-prezent-la-varsta-de-56-de-ani-lumea-o-cunoaste-dupa-ce-a-interpretat-personajul-lila-din-vacanta-mare\/","title":{"rendered":"Cu ce se ocup\u0103 Mirela Stoian \u00een prezent, la v\u00e2rsta de 56 de ani? Lumea o cunoa\u0219te dup\u0103 ce a interpretat personajul Lila din \u201eVacan\u021ba Mare\u201d"},"content":{"rendered":"<p>De\u0219i <a href=\"https:\/\/www.realitatea.net\/stiri\/actual\/ce-a-patit-maia-morgenstern-la-premiera-filmului-patimile-lui-hristos-neau-dat-pijamale-in-avion_676d10fcaa249a1c212d3db2\" target=\"_blank\">succesul pe micul ecran<\/a> i-a adus celebritate \u0219i bucurie, odat\u0103 cu \u00eencheierea proiectului, Mirela a traversat momente dificile, fiind asociat\u0103 aproape exclusiv cu rolul s\u0103u iconic, arat\u0103 romaniatv.net.<\/p>\n<p>De la glorie la umbra celebrit\u0103\u021bii<\/p>\n<p>Ast\u0103zi, Mirela Stoian \u00ee\u0219i p\u0103streaz\u0103 discre\u021bia, prefer\u00e2nd s\u0103 se concentreze pe teatru, dar cariera ei nu a fost lipsit\u0103 de provoc\u0103ri. \u201eNu \u00eemi este dor de personajul Lila. Mi-a adus celebritate, dar \u0219i multe dificult\u0103\u021bi. Din p\u0103cate, oamenii m\u0103 asociaz\u0103 doar cu acest rol, iar asta mi-a \u00eengreunat drumul profesional \u00een ultimii ani,\u201d a m\u0103rturisit actri\u021ba.<\/p>\n<p>De-a lungul a cinci ani, Mirela a \u00eent\u00e2mpinat dificult\u0103\u021bi majore \u00een g\u0103sirea unui loc de munc\u0103, fiind \u00eenc\u0103 v\u0103zut\u0103 de public ca Lila, \u201efeti\u021ba cu codi\u021be\u201d din Sadova. Actri\u021ba a recunoscut c\u0103 aceast\u0103 etichet\u0103 a avut un impact semnificativ asupra carierei sale.<\/p>\n<p>\u201eNu \u00eemi este dor de personajul Lila. \u015ei din cauza, dar \u015fi datorit\u0103 personajului am avut diverse experien\u0163e. M-am bucurat de celebritate, dar \u015fi de \u2018greutatea\u2019 acestui nume.<\/p>\n<p>Dac\u0103 nu mi-am g\u0103sit de munca \u00een ultimii cinci ani este \u015fi din cauza faptului c\u0103 lumea m-a v\u0103zut ca pe acest personaj.Pe vremea c\u00e2nd eram \u2018Lila\u2019 am avut salarii foarte bune, am tr\u0103it decent.<\/p>\n<p>Nu erau sume exorbitante, dovad\u0103 c\u0103 stau \u00een apartamentul pe care l-am luat cu so\u0163ul meu. Aveam ni\u015fte bani pu\u015fi deoparte, \u00eens\u0103 nu foarte mul\u0163i.<\/p>\n<p>Atunci \u00eemi f\u0103ceam toate mofturile, f\u0103ceam cadouri \u0219i nu m-am a\u0219teptat niciodat\u0103 ca totul s\u0103 se termine at\u00e2t de brusc. Acum tr\u0103iesc din ajutorul celor care m\u0103 iubesc \u015fi depl\u00e2ng de pe margine e\u015fecul meu. Sora \u015fi p\u0103rin\u0163ii m\u0103 ajut\u0103!!, povestea actri\u021ba cu ceva timp \u00een urm\u0103.<\/p>\n<p>\u00cen perioada de glorie a \u201eVacan\u021bei Mari,\u201d Mirela Stoian a avut venituri bune, care i-au permis s\u0103 duc\u0103 o via\u021b\u0103 confortabil\u0103.\u00a0<\/p>\n<p>Totu\u0219i, <a href=\"https:\/\/www.realitatea.net\/stiri\/actual\/doliu-imens-in-cinematografie-a-murit-actrita-jill-jacobson-cunoscuta-pentru-star-trek-si-cinei-seful_675fcdcce12e9179a17c8952\" target=\"_blank\">actri\u021ba recunoa\u0219te<\/a> c\u0103 nu \u0219i-a gestionat economiile cu precau\u021bie, iar acum tr\u0103ie\u0219te cu sprijinul apropia\u021bilor.\u00a0<\/p>\n<p>O nou\u0103 direc\u021bie: teatrul<\/p>\n<p>Dup\u0103 \u00eencheierea proiectelor de televiziune, Mirela Stoian a g\u0103sit o nou\u0103 cale \u00een teatru. A ap\u0103rut pe scena Teatrului \u201eElisabeta\u201d din Bucure\u0219ti \u00een spectacole precum \u201eLun\u0103 de miere cu piper\u201d sau \u201eLas c\u0103 \u0219tim noi,\u201d p\u0103str\u00e2nd leg\u0103tura cu publicul printr-o alt\u0103 form\u0103 de art\u0103.<\/p>\n<p>De\u0219i mai rar prezent\u0103 pe micile ecrane, Mirela Stoian a fost v\u0103zut\u0103 sporadic \u00een emisiuni precum \u201eIeri, Azi, M\u00e2ine\u201d de la TVR 2. Cu toate acestea, proiectele TV nu au avut continuitate.<\/p>\n<p>Mirela Stoian r\u0103m\u00e2ne o figur\u0103 simbolic\u0103 \u00een divertismentul rom\u00e2nesc, iar povestea ei este o lec\u021bie despre provoc\u0103rile pe care le aduce celebritatea.\u00a0<\/p>","protected":false},"excerpt":{"rendered":"<p>De\u0219i succesul pe micul ecran i-a adus celebritate \u0219i bucurie, odat\u0103 cu \u00eencheierea proiectului, Mirela&hellip;<\/p>\n","protected":false},"author":0,"featured_media":24162,"comment_status":"open","ping_status":"open","sticky":false,"template":"","format":"standard","meta":{"footnotes":""},"categories":[8],"tags":[],"class_list":["post-24161","post","type-post","status-publish","format-standard","has-post-thumbnail","hentry","category-lifestyle"],"_links":{"self":[{"href":"https:\/\/247stiri.ro\/index.php\/wp-json\/wp\/v2\/posts\/24161","targetHints":{"allow":["GET"]}}],"collection":[{"href":"https:\/\/247stiri.ro\/index.php\/wp-json\/wp\/v2\/posts"}],"about":[{"href":"https:\/\/247stiri.ro\/index.php\/wp-json\/wp\/v2\/types\/post"}],"replies":[{"embeddable":true,"href":"https:\/\/247stiri.ro\/index.php\/wp-json\/wp\/v2\/comments?post=24161"}],"version-history":[{"count":0,"href":"https:\/\/247stiri.ro\/index.php\/wp-json\/wp\/v2\/posts\/24161\/revisions"}],"wp:featuredmedia":[{"embeddable":true,"href":"https:\/\/247stiri.ro\/index.php\/wp-json\/wp\/v2\/media\/24162"}],"wp:attachment":[{"href":"https:\/\/247stiri.ro\/index.php\/wp-json\/wp\/v2\/media?parent=24161"}],"wp:term":[{"taxonomy":"category","embeddable":true,"href":"https:\/\/247stiri.ro\/index.php\/wp-json\/wp\/v2\/categories?post=24161"},{"taxonomy":"post_tag","embeddable":true,"href":"https:\/\/247stiri.ro\/index.php\/wp-json\/wp\/v2\/tags?post=24161"}],"curies":[{"name":"wp","href":"https:\/\/api.w.org\/{rel}","templated":true}]}}