{"id":24220,"date":"2025-01-15T06:45:05","date_gmt":"2025-01-15T06:45:05","guid":{"rendered":"https:\/\/247stiri.ro\/index.php\/2025\/01\/15\/scene-halucinante-in-plina-strada-liderul-galeriei-u-cluj-a-fost-atacat-cu-un-cutit-video\/"},"modified":"2025-01-15T06:45:05","modified_gmt":"2025-01-15T06:45:05","slug":"scene-halucinante-in-plina-strada-liderul-galeriei-u-cluj-a-fost-atacat-cu-un-cutit-video","status":"publish","type":"post","link":"https:\/\/247stiri.ro\/index.php\/2025\/01\/15\/scene-halucinante-in-plina-strada-liderul-galeriei-u-cluj-a-fost-atacat-cu-un-cutit-video\/","title":{"rendered":"Scene halucinante, \u00een plin\u0103 strad\u0103! Liderul galeriei U Cluj a fost atacat cu un cu\u021bit &#8211; VIDEO"},"content":{"rendered":"<p>Mircea Cenan, liderul galeriei \u201eU\u201d Cluj, a fost victima unui atac cu cu\u021bitul, pe o strad\u0103 din Cluj-Napoca, acesta a suferit r\u0103ni la nivelul fe\u021bei, scrie <a href=\"https:\/\/gazetadecluj.ro\/video-liderul-galeriei-u-cluj-a-fost-atacat-cu-un-cutit-in-mijlocul-strazii\/\" target=\"_blank\">gazetadecluj.ro<\/a>. Detalii despre motivele conflictului nu au fost f\u0103cute publice. Alte dou\u0103 persoane au fost implicate \u00een alterca\u021bie: Adrian Mar\u021bian \u0219i Romeo Sila\u0219i.<\/p>\n<p>\u00cen ciuda gravit\u0103\u021bii incidentului, Mircea Cenan nu a solicitat asisten\u021b\u0103 medical\u0103 \u0219i nu a fost transportat la spital. Scenele au fost surprinse de camerele de supraveghere din zon\u0103.<\/p>\n\n<p>Potrivit unui comunicat emis de Poli\u021bia din cadrul Sec\u021biei 2 Poli\u021bie Rural\u0103 Apahida, la data de 31 decembrie 2024, b\u0103rbatul de 46 de ani a fost re\u021binut pentru 24 de ore, iar cel\u0103lalt b\u0103rbat a fost citat pentru audieri. Pe 2 ianuarie 2025, poli\u021bi\u0219tii au emis un mandat de aducere \u00een cazul acestuia, finalizat cu re\u021binerea sa pentru 24 de ore.<\/p>\n<p>Adrian Mar\u021bian, na\u0219ul lui Mircea Cenan \u0219i fost patron al echipei UTA, a declarat c\u0103 a intervenit pentru a aplana conflictul dintre cei doi b\u0103rba\u021bi. \u201eAm intervenit s\u0103-i despart pe cei doi. A fost o alterca\u021bie copil\u0103reasc\u0103 \u0219i sunt prieteni de mul\u021bi ani, au copil\u0103rit \u00eempreun\u0103!\u201d, a spus Mar\u021bian, conform apuseni.info.<\/p>\n<p>Cine este Mircea Cenan<\/p>\n<p>Mircea Cenan, liderul galeriei U Cluj de peste 17 ani, este un personaj controversat \u00een lumea ultra din Rom\u00e2nia. Acesta a primit dou\u0103 interdic\u021bii pe stadion de-a lungul carierei sale de suporter fervent. Prima a avut loc \u00een 2007, dup\u0103 ce \u0219i-a agresat un coleg de galerie, iar cea de-a doua a fost dictat\u0103 \u00een 2023, \u00een urma unei b\u0103t\u0103i \u00eentre suporterii lui U Cluj \u0219i cei ai echipei UTA.<\/p>","protected":false},"excerpt":{"rendered":"<p>Mircea Cenan, liderul galeriei \u201eU\u201d Cluj, a fost victima unui atac cu cu\u021bitul, pe o&hellip;<\/p>\n","protected":false},"author":0,"featured_media":24209,"comment_status":"open","ping_status":"open","sticky":false,"template":"","format":"standard","meta":{"footnotes":""},"categories":[2],"tags":[],"class_list":["post-24220","post","type-post","status-publish","format-standard","has-post-thumbnail","hentry","category-actual"],"_links":{"self":[{"href":"https:\/\/247stiri.ro\/index.php\/wp-json\/wp\/v2\/posts\/24220","targetHints":{"allow":["GET"]}}],"collection":[{"href":"https:\/\/247stiri.ro\/index.php\/wp-json\/wp\/v2\/posts"}],"about":[{"href":"https:\/\/247stiri.ro\/index.php\/wp-json\/wp\/v2\/types\/post"}],"replies":[{"embeddable":true,"href":"https:\/\/247stiri.ro\/index.php\/wp-json\/wp\/v2\/comments?post=24220"}],"version-history":[{"count":0,"href":"https:\/\/247stiri.ro\/index.php\/wp-json\/wp\/v2\/posts\/24220\/revisions"}],"wp:featuredmedia":[{"embeddable":true,"href":"https:\/\/247stiri.ro\/index.php\/wp-json\/wp\/v2\/media\/24209"}],"wp:attachment":[{"href":"https:\/\/247stiri.ro\/index.php\/wp-json\/wp\/v2\/media?parent=24220"}],"wp:term":[{"taxonomy":"category","embeddable":true,"href":"https:\/\/247stiri.ro\/index.php\/wp-json\/wp\/v2\/categories?post=24220"},{"taxonomy":"post_tag","embeddable":true,"href":"https:\/\/247stiri.ro\/index.php\/wp-json\/wp\/v2\/tags?post=24220"}],"curies":[{"name":"wp","href":"https:\/\/api.w.org\/{rel}","templated":true}]}}