{"id":24221,"date":"2025-01-15T06:45:05","date_gmt":"2025-01-15T06:45:05","guid":{"rendered":"https:\/\/247stiri.ro\/index.php\/2025\/01\/15\/fetita-disparuta-din-botosani-cautata-timp-de-mai-multe-ore-de-politisti-cu-caini-de-urma-jandarmi-si-drone-locul-surprinzator-unde-a-fost-gasita\/"},"modified":"2025-01-15T06:45:05","modified_gmt":"2025-01-15T06:45:05","slug":"fetita-disparuta-din-botosani-cautata-timp-de-mai-multe-ore-de-politisti-cu-caini-de-urma-jandarmi-si-drone-locul-surprinzator-unde-a-fost-gasita","status":"publish","type":"post","link":"https:\/\/247stiri.ro\/index.php\/2025\/01\/15\/fetita-disparuta-din-botosani-cautata-timp-de-mai-multe-ore-de-politisti-cu-caini-de-urma-jandarmi-si-drone-locul-surprinzator-unde-a-fost-gasita\/","title":{"rendered":"Feti\u021ba disp\u0103rut\u0103 din Boto\u0219ani, c\u0103utat\u0103 timp de mai multe ore de poli\u021bi\u0219ti cu c\u00e2ini de urm\u0103, jandarmi \u0219i drone. Locul surprinz\u0103tor unde a fost g\u0103sit\u0103"},"content":{"rendered":"<p>\u201dLocalitatea Dim\u0103cheni a fost \u00eemp\u00e2nzit\u0103 de poli\u0163i\u015fti \u00eenso\u0163i\u0163i de c\u00e2ine de urm\u0103, jandarmi, poli\u0163i\u015fti de frontier\u0103, pompieri cu auto\u015fenilat\u0103 \u015fi o dron\u0103 cu termoviziune, care au participat la activit\u0103\u0163ile de scotocire. Dup\u0103 aproximativ trei ore, minora a fost g\u0103sit\u0103 de poli\u0163i\u015fti \u00een podul unei anexe a unei locuin\u0163e din localitate\u201d, a transmis, miercuri diminea\u0163\u0103, IPJ Boto\u015fani.<\/p>\n\n<p>Poli\u021bia a anun\u021bat \u0219i c\u0103 fata nu era r\u0103nit\u0103 \u015fi nu a fost victima vreunei infrac\u0163iuni.<\/p>\n<p>Copila a fost transport\u0103 la spital pentru evaluarea st\u0103rii de s\u0103n\u0103tate \u015fi acordarea \u00eengrijirilor de specialitate.<\/p>\n<p>Fata a plecat de acas\u0103, mar\u0163i sear\u0103, in jurul orei 17:00, fiind dat\u0103 disp\u0103rut\u0103 de c\u0103tre familie.<\/p>\n<p>\u00a0<\/p>","protected":false},"excerpt":{"rendered":"<p>\u201dLocalitatea Dim\u0103cheni a fost \u00eemp\u00e2nzit\u0103 de poli\u0163i\u015fti \u00eenso\u0163i\u0163i de c\u00e2ine de urm\u0103, jandarmi, poli\u0163i\u015fti de&hellip;<\/p>\n","protected":false},"author":0,"featured_media":24222,"comment_status":"open","ping_status":"open","sticky":false,"template":"","format":"standard","meta":{"footnotes":""},"categories":[2],"tags":[],"class_list":["post-24221","post","type-post","status-publish","format-standard","has-post-thumbnail","hentry","category-actual"],"_links":{"self":[{"href":"https:\/\/247stiri.ro\/index.php\/wp-json\/wp\/v2\/posts\/24221","targetHints":{"allow":["GET"]}}],"collection":[{"href":"https:\/\/247stiri.ro\/index.php\/wp-json\/wp\/v2\/posts"}],"about":[{"href":"https:\/\/247stiri.ro\/index.php\/wp-json\/wp\/v2\/types\/post"}],"replies":[{"embeddable":true,"href":"https:\/\/247stiri.ro\/index.php\/wp-json\/wp\/v2\/comments?post=24221"}],"version-history":[{"count":0,"href":"https:\/\/247stiri.ro\/index.php\/wp-json\/wp\/v2\/posts\/24221\/revisions"}],"wp:featuredmedia":[{"embeddable":true,"href":"https:\/\/247stiri.ro\/index.php\/wp-json\/wp\/v2\/media\/24222"}],"wp:attachment":[{"href":"https:\/\/247stiri.ro\/index.php\/wp-json\/wp\/v2\/media?parent=24221"}],"wp:term":[{"taxonomy":"category","embeddable":true,"href":"https:\/\/247stiri.ro\/index.php\/wp-json\/wp\/v2\/categories?post=24221"},{"taxonomy":"post_tag","embeddable":true,"href":"https:\/\/247stiri.ro\/index.php\/wp-json\/wp\/v2\/tags?post=24221"}],"curies":[{"name":"wp","href":"https:\/\/api.w.org\/{rel}","templated":true}]}}