{"id":24242,"date":"2025-01-15T07:45:23","date_gmt":"2025-01-15T07:45:23","guid":{"rendered":"https:\/\/247stiri.ro\/index.php\/2025\/01\/15\/analistul-bogdan-chirieac-arunca-bomba-nu-avem-nicio-garantie-ca-alegerile-vor-fi-in-luna-mai-ce-spune-despre-ramanerea-lui-iohannis-la-cotroceni\/"},"modified":"2025-01-15T07:45:23","modified_gmt":"2025-01-15T07:45:23","slug":"analistul-bogdan-chirieac-arunca-bomba-nu-avem-nicio-garantie-ca-alegerile-vor-fi-in-luna-mai-ce-spune-despre-ramanerea-lui-iohannis-la-cotroceni","status":"publish","type":"post","link":"https:\/\/247stiri.ro\/index.php\/2025\/01\/15\/analistul-bogdan-chirieac-arunca-bomba-nu-avem-nicio-garantie-ca-alegerile-vor-fi-in-luna-mai-ce-spune-despre-ramanerea-lui-iohannis-la-cotroceni\/","title":{"rendered":"Analistul Bogdan Chirieac arunc\u0103 BOMBA: Nu avem nicio garan\u021bie c\u0103 ALEGERILE vor fi \u00een luna mai. Ce spune despre r\u0103m\u00e2nerea lui Iohannis la Cotroceni"},"content":{"rendered":"<p>&#8222;Faptul c\u0103 a r\u0103mas Klaus Iohannis \u0219i vrea s\u0103 r\u0103m\u00e2n\u0103 luni \u00eentregi &#8211; eu nu am nicio garan\u021bie c\u0103 alegerile vor fi \u00een mai, s\u0103 \u0219ti\u021bi. Eu nu exclud ca ele s\u0103 fie \u00een continuare \u00een septembrie. Nu avem aceast\u0103 garan\u021bie.\u00a0<\/p>\n<p>Deci, una era dac\u0103 f\u0103ceai alegerile \u00een ianuarie-februarie, \u0219i atunci nu avea loc s\u0103 \u00eel mai schimbi pe Klaus Iohannis de la Cotroceni, alta e s\u0103 le faci \u00een var\u0103. \u0218i atunci prezen\u021ba lui Klaus Iohannis acolo e toxic\u0103. \u0102sta este adev\u0103rul.\u00a0<\/p>\n<p>\u00cei place, probabil, dar nici nu ne ia \u00een seam\u0103. Sunt convins c\u0103 nici nu bag\u0103 \u00een seam\u0103 presa sau poporul c\u0103 n-a f\u0103cut-o \u00een 10 ani de mandat. Pur \u0219i simplu nu \u00eel intereseaz\u0103. Crede\u021bi c\u0103 urm\u0103re\u0219te revista presei? Nu, n-are treab\u0103 cu asta. Are s\u0103pt\u0103m\u00e2ni \u00eentregi c\u00e2nd n-are nicio \u00eent\u00e2lnire, c\u00e2nd n-a avut nicio \u00eent\u00e2lnire oficial\u0103 la Cotroceni; l-a interesat terenuld e golf, avionul cu piscin\u0103, hotelul de zeci de mii de euro pe noapte&#8221;, a declarat analistul politic.\u00a0<\/p>","protected":false},"excerpt":{"rendered":"<p>&#8222;Faptul c\u0103 a r\u0103mas Klaus Iohannis \u0219i vrea s\u0103 r\u0103m\u00e2n\u0103 luni \u00eentregi &#8211; eu nu&hellip;<\/p>\n","protected":false},"author":0,"featured_media":24243,"comment_status":"open","ping_status":"open","sticky":false,"template":"","format":"standard","meta":{"footnotes":""},"categories":[3],"tags":[],"class_list":["post-24242","post","type-post","status-publish","format-standard","has-post-thumbnail","hentry","category-politica"],"_links":{"self":[{"href":"https:\/\/247stiri.ro\/index.php\/wp-json\/wp\/v2\/posts\/24242","targetHints":{"allow":["GET"]}}],"collection":[{"href":"https:\/\/247stiri.ro\/index.php\/wp-json\/wp\/v2\/posts"}],"about":[{"href":"https:\/\/247stiri.ro\/index.php\/wp-json\/wp\/v2\/types\/post"}],"replies":[{"embeddable":true,"href":"https:\/\/247stiri.ro\/index.php\/wp-json\/wp\/v2\/comments?post=24242"}],"version-history":[{"count":0,"href":"https:\/\/247stiri.ro\/index.php\/wp-json\/wp\/v2\/posts\/24242\/revisions"}],"wp:featuredmedia":[{"embeddable":true,"href":"https:\/\/247stiri.ro\/index.php\/wp-json\/wp\/v2\/media\/24243"}],"wp:attachment":[{"href":"https:\/\/247stiri.ro\/index.php\/wp-json\/wp\/v2\/media?parent=24242"}],"wp:term":[{"taxonomy":"category","embeddable":true,"href":"https:\/\/247stiri.ro\/index.php\/wp-json\/wp\/v2\/categories?post=24242"},{"taxonomy":"post_tag","embeddable":true,"href":"https:\/\/247stiri.ro\/index.php\/wp-json\/wp\/v2\/tags?post=24242"}],"curies":[{"name":"wp","href":"https:\/\/api.w.org\/{rel}","templated":true}]}}